{"id":11022,"date":"2026-04-30T20:20:11","date_gmt":"2026-04-30T19:20:11","guid":{"rendered":"https:\/\/spbielsk.pl\/?p=11022"},"modified":"2026-04-30T20:20:43","modified_gmt":"2026-04-30T19:20:43","slug":"rocznica-konstytucji-3-maja-w-swietlicy-szkolnej","status":"publish","type":"post","link":"https:\/\/spbielsk.pl\/?p=11022","title":{"rendered":"Rocznica Konstytucji 3 Maja w \u015bwietlicy szkolnej"},"content":{"rendered":"\n<p style=\"text-align: justify;\">Z okazji zbli\u017caj\u0105cej si\u0119 rocznicy uchwalenia Konstytucji 3 Maja dzieci ucz\u0119szczaj\u0105ce do \u015bwietlicy szkolnej wzi\u0119\u0142y udzia\u0142 w zaj\u0119ciach plastycznych o tematyce patriotycznej.<br \/>Uczniowie z du\u017cym zaanga\u017cowaniem przygotowywali r\u00f3\u017cnorodne prace, nawi\u0105zuj\u0105ce do historii Polski i symboli narodowych.<\/p>\n<p style=\"text-align: center;\"><!--more--><\/p>\n<p style=\"text-align: justify;\">Wytwory dzia\u0142alno\u015bci artystycznej \u015bwietliczak\u00f3w zosta\u0142y wykorzystane do dekoracji sali, tworz\u0105c uroczyst\u0105 i podnios\u0142\u0105 atmosfer\u0119 sprzyjaj\u0105c\u0105 obchodom tego wa\u017cnego \u015bwi\u0119ta.<br \/>Dzi\u0119ki wsp\u00f3lnej pracy dzieci nie tylko rozwija\u0142y swoje zdolno\u015bci artystyczne, ale tak\u017ce pog\u0142\u0119bia\u0142y wiedz\u0119 o historii i kszta\u0142towa\u0142y postawy patriotyczne.<\/p>\n<p style=\"text-align: center;\">\r\n<div class=\"ngg-galleryoverview\" id=\"ngg-gallery-1265-11022\">\r\n\r\n\t<!-- Slideshow link -->\r\n\t<div class=\"slideshowlink\">\r\n\t\t<a class=\"slideshowlink\" href=\"https:\/\/spbielsk.pl\/?p=11022&amp;show=slide\">\r\n\t\t\t[Show slideshow]\t\t<\/a>\r\n\t<\/div>\r\n\r\n\t\r\n\t<!-- Thumbnails -->\r\n\t\t\r\n\t<div id=\"ngg-image-32891\" class=\"ngg-gallery-thumbnail-box\"  >\r\n\t\t<div class=\"ngg-gallery-thumbnail\" >\r\n\t\t\t<a href=\"https:\/\/spbielsk.pl\/wp-content\/gallery\/konstytucja-w-swietlicy-kwiecien-2026\/8406sgom.jpg\" title=\" \"   rel=\"lightbox[11022]\">\r\n\t\t\t\t\t\t\t\t<img decoding=\"async\" title=\"8406sgom\" alt=\"8406sgom\" src=\"https:\/\/spbielsk.pl\/wp-content\/gallery\/konstytucja-w-swietlicy-kwiecien-2026\/thumbs\/thumbs_8406sgom.jpg\" width=\"120\" height=\"90\" \/>\r\n\t\t\t\t\t\t\t<\/a>\r\n\t\t<\/div>\r\n\t<\/div>\r\n\t\r\n\t\t\r\n \t\t\r\n\t<div id=\"ngg-image-32892\" class=\"ngg-gallery-thumbnail-box\"  >\r\n\t\t<div class=\"ngg-gallery-thumbnail\" >\r\n\t\t\t<a href=\"https:\/\/spbielsk.pl\/wp-content\/gallery\/konstytucja-w-swietlicy-kwiecien-2026\/fkuiorpz.jpg\" title=\" \"   rel=\"lightbox[11022]\">\r\n\t\t\t\t\t\t\t\t<img decoding=\"async\" title=\"fkuiorpz\" alt=\"fkuiorpz\" src=\"https:\/\/spbielsk.pl\/wp-content\/gallery\/konstytucja-w-swietlicy-kwiecien-2026\/thumbs\/thumbs_fkuiorpz.jpg\" width=\"120\" height=\"90\" \/>\r\n\t\t\t\t\t\t\t<\/a>\r\n\t\t<\/div>\r\n\t<\/div>\r\n\t\r\n\t\t\r\n \t\t\r\n\t<div id=\"ngg-image-32893\" class=\"ngg-gallery-thumbnail-box\"  >\r\n\t\t<div class=\"ngg-gallery-thumbnail\" >\r\n\t\t\t<a href=\"https:\/\/spbielsk.pl\/wp-content\/gallery\/konstytucja-w-swietlicy-kwiecien-2026\/h7onblg6.jpg\" title=\" \"   rel=\"lightbox[11022]\">\r\n\t\t\t\t\t\t\t\t<img decoding=\"async\" title=\"h7onblg6\" alt=\"h7onblg6\" src=\"https:\/\/spbielsk.pl\/wp-content\/gallery\/konstytucja-w-swietlicy-kwiecien-2026\/thumbs\/thumbs_h7onblg6.jpg\" width=\"120\" height=\"90\" \/>\r\n\t\t\t\t\t\t\t<\/a>\r\n\t\t<\/div>\r\n\t<\/div>\r\n\t\r\n\t\t\r\n \t\t\r\n\t<div id=\"ngg-image-32894\" class=\"ngg-gallery-thumbnail-box\"  >\r\n\t\t<div class=\"ngg-gallery-thumbnail\" >\r\n\t\t\t<a href=\"https:\/\/spbielsk.pl\/wp-content\/gallery\/konstytucja-w-swietlicy-kwiecien-2026\/ipq0k8cn.jpg\" title=\" \"   rel=\"lightbox[11022]\">\r\n\t\t\t\t\t\t\t\t<img loading=\"lazy\" decoding=\"async\" title=\"ipq0k8cn\" alt=\"ipq0k8cn\" src=\"https:\/\/spbielsk.pl\/wp-content\/gallery\/konstytucja-w-swietlicy-kwiecien-2026\/thumbs\/thumbs_ipq0k8cn.jpg\" width=\"120\" height=\"90\" \/>\r\n\t\t\t\t\t\t\t<\/a>\r\n\t\t<\/div>\r\n\t<\/div>\r\n\t\r\n\t\t\r\n \t\t\r\n\t<div id=\"ngg-image-32895\" class=\"ngg-gallery-thumbnail-box\"  >\r\n\t\t<div class=\"ngg-gallery-thumbnail\" >\r\n\t\t\t<a href=\"https:\/\/spbielsk.pl\/wp-content\/gallery\/konstytucja-w-swietlicy-kwiecien-2026\/jd0zffmn.jpg\" title=\" \"   rel=\"lightbox[11022]\">\r\n\t\t\t\t\t\t\t\t<img loading=\"lazy\" decoding=\"async\" title=\"jd0zffmn\" alt=\"jd0zffmn\" src=\"https:\/\/spbielsk.pl\/wp-content\/gallery\/konstytucja-w-swietlicy-kwiecien-2026\/thumbs\/thumbs_jd0zffmn.jpg\" width=\"120\" height=\"90\" \/>\r\n\t\t\t\t\t\t\t<\/a>\r\n\t\t<\/div>\r\n\t<\/div>\r\n\t\r\n\t\t\r\n \t\t\r\n\t<div id=\"ngg-image-32896\" class=\"ngg-gallery-thumbnail-box\"  >\r\n\t\t<div class=\"ngg-gallery-thumbnail\" >\r\n\t\t\t<a href=\"https:\/\/spbielsk.pl\/wp-content\/gallery\/konstytucja-w-swietlicy-kwiecien-2026\/k_pzh9hz.jpg\" title=\" \"   rel=\"lightbox[11022]\">\r\n\t\t\t\t\t\t\t\t<img loading=\"lazy\" decoding=\"async\" title=\"k_pzh9hz\" alt=\"k_pzh9hz\" src=\"https:\/\/spbielsk.pl\/wp-content\/gallery\/konstytucja-w-swietlicy-kwiecien-2026\/thumbs\/thumbs_k_pzh9hz.jpg\" width=\"120\" height=\"90\" \/>\r\n\t\t\t\t\t\t\t<\/a>\r\n\t\t<\/div>\r\n\t<\/div>\r\n\t\r\n\t\t\r\n \t\t\r\n\t<div id=\"ngg-image-32897\" class=\"ngg-gallery-thumbnail-box\"  >\r\n\t\t<div class=\"ngg-gallery-thumbnail\" >\r\n\t\t\t<a href=\"https:\/\/spbielsk.pl\/wp-content\/gallery\/konstytucja-w-swietlicy-kwiecien-2026\/rfedvyq6.jpg\" title=\" \"   rel=\"lightbox[11022]\">\r\n\t\t\t\t\t\t\t\t<img loading=\"lazy\" decoding=\"async\" title=\"rfedvyq6\" alt=\"rfedvyq6\" src=\"https:\/\/spbielsk.pl\/wp-content\/gallery\/konstytucja-w-swietlicy-kwiecien-2026\/thumbs\/thumbs_rfedvyq6.jpg\" width=\"120\" height=\"90\" \/>\r\n\t\t\t\t\t\t\t<\/a>\r\n\t\t<\/div>\r\n\t<\/div>\r\n\t\r\n\t\t\r\n \t\t\r\n\t<div id=\"ngg-image-32898\" class=\"ngg-gallery-thumbnail-box\"  >\r\n\t\t<div class=\"ngg-gallery-thumbnail\" >\r\n\t\t\t<a href=\"https:\/\/spbielsk.pl\/wp-content\/gallery\/konstytucja-w-swietlicy-kwiecien-2026\/z6q35a9y.jpg\" title=\" \"   rel=\"lightbox[11022]\">\r\n\t\t\t\t\t\t\t\t<img loading=\"lazy\" decoding=\"async\" title=\"z6q35a9y\" alt=\"z6q35a9y\" src=\"https:\/\/spbielsk.pl\/wp-content\/gallery\/konstytucja-w-swietlicy-kwiecien-2026\/thumbs\/thumbs_z6q35a9y.jpg\" width=\"120\" height=\"90\" \/>\r\n\t\t\t\t\t\t\t<\/a>\r\n\t\t<\/div>\r\n\t<\/div>\r\n\t\r\n\t\t\r\n \t \t\r\n\t<!-- Pagination -->\r\n \t<div class='ngg-clear'><\/div>\n \t\r\n<\/div>\r\n\r\n<\/p>\n","protected":false},"excerpt":{"rendered":"<p>Z okazji zbli\u017caj\u0105cej si\u0119 rocznicy uchwalenia Konstytucji 3 Maja dzieci ucz\u0119szczaj\u0105ce do \u015bwietlicy szkolnej wzi\u0119\u0142y udzia\u0142 w zaj\u0119ciach plastycznych o tematyce patriotycznej.Uczniowie z du\u017cym zaanga\u017cowaniem przygotowywali r\u00f3\u017cnorodne prace, nawi\u0105zuj\u0105ce do historii Polski i symboli narodowych.<\/p>\n","protected":false},"author":1,"featured_media":10519,"comment_status":"closed","ping_status":"closed","sticky":false,"template":"","format":"standard","meta":{"footnotes":""},"categories":[5],"tags":[],"class_list":["post-11022","post","type-post","status-publish","format-standard","has-post-thumbnail","hentry","category-s-p-bielsk"],"_links":{"self":[{"href":"https:\/\/spbielsk.pl\/index.php?rest_route=\/wp\/v2\/posts\/11022","targetHints":{"allow":["GET"]}}],"collection":[{"href":"https:\/\/spbielsk.pl\/index.php?rest_route=\/wp\/v2\/posts"}],"about":[{"href":"https:\/\/spbielsk.pl\/index.php?rest_route=\/wp\/v2\/types\/post"}],"author":[{"embeddable":true,"href":"https:\/\/spbielsk.pl\/index.php?rest_route=\/wp\/v2\/users\/1"}],"replies":[{"embeddable":true,"href":"https:\/\/spbielsk.pl\/index.php?rest_route=%2Fwp%2Fv2%2Fcomments&post=11022"}],"version-history":[{"count":2,"href":"https:\/\/spbielsk.pl\/index.php?rest_route=\/wp\/v2\/posts\/11022\/revisions"}],"predecessor-version":[{"id":11024,"href":"https:\/\/spbielsk.pl\/index.php?rest_route=\/wp\/v2\/posts\/11022\/revisions\/11024"}],"wp:featuredmedia":[{"embeddable":true,"href":"https:\/\/spbielsk.pl\/index.php?rest_route=\/wp\/v2\/media\/10519"}],"wp:attachment":[{"href":"https:\/\/spbielsk.pl\/index.php?rest_route=%2Fwp%2Fv2%2Fmedia&parent=11022"}],"wp:term":[{"taxonomy":"category","embeddable":true,"href":"https:\/\/spbielsk.pl\/index.php?rest_route=%2Fwp%2Fv2%2Fcategories&post=11022"},{"taxonomy":"post_tag","embeddable":true,"href":"https:\/\/spbielsk.pl\/index.php?rest_route=%2Fwp%2Fv2%2Ftags&post=11022"}],"curies":[{"name":"wp","href":"https:\/\/api.w.org\/{rel}","templated":true}]}}