{"id":11017,"date":"2026-04-30T20:07:03","date_gmt":"2026-04-30T19:07:03","guid":{"rendered":"https:\/\/spbielsk.pl\/?p=11017"},"modified":"2026-04-30T20:07:04","modified_gmt":"2026-04-30T19:07:04","slug":"dni-kultury","status":"publish","type":"post","link":"https:\/\/spbielsk.pl\/?p=11017","title":{"rendered":"Dni Kultury"},"content":{"rendered":"\n<p style=\"text-align: justify;\">Podczas tegorocznych Dni Kultury uczennice naszej szko\u0142y zaprezentowa\u0142y dwa uk\u0142ady taneczne. Taniec lambada, kt\u00f3ry by\u0142 pe\u0142en energii, rado\u015bci i swobody \u2013 dziewczyny doskonale odda\u0142y jego \u017cywio\u0142owy charakter, a synchronizacja ruch\u00f3w i kontakt z publiczno\u015bci\u0105 sprawi\u0142y, \u017ce widzowie reagowali bardzo entuzjastycznie. Kolorowe stroje dodatkowo podkre\u015bla\u0142y klimat wyst\u0119pu i dodawa\u0142y mu lekko\u015bci.<\/p>\n<p style=\"text-align: center;\"><!--more--><\/p>\n<p style=\"text-align: justify;\">Zupe\u0142nie inny nastr\u00f3j wprowadzi\u0142 taniec hinduski, kt\u00f3ry by\u0142 bardziej spokojny, elegancki i pe\u0142en symboliki. Dziewczyny zachwyci\u0142y precyzj\u0105 ruch\u00f3w, szczeg\u00f3lnie d\u0142oni i gest\u00f3w, a tak\u017ce wyrazist\u0105 mimik\u0105, kt\u00f3ra jest bardzo wa\u017cnym elementem tego stylu. Ca\u0142o\u015b\u0107 tworzy\u0142a sp\u00f3jn\u0105, estetyczn\u0105 kompozycj\u0119, kt\u00f3ra przyci\u0105ga\u0142a uwag\u0119 i budzi\u0142a podziw.<\/p>\n<p>Gratulujemy wyst\u0119pu naszym uzdolnionym uczennicom.<\/p>\n<p style=\"text-align: center;\"><iframe src=\"\/\/www.youtube.com\/embed\/mF5UjB1mYjo\" width=\"560\" height=\"314\" allowfullscreen=\"allowfullscreen\"><\/iframe><\/p>\n<p style=\"text-align: center;\">\r\n<div class=\"ngg-galleryoverview\" id=\"ngg-gallery-1264-11017\">\r\n\r\n\t<!-- Slideshow link -->\r\n\t<div class=\"slideshowlink\">\r\n\t\t<a class=\"slideshowlink\" href=\"https:\/\/spbielsk.pl\/?p=11017&amp;show=slide\">\r\n\t\t\t[Show slideshow]\t\t<\/a>\r\n\t<\/div>\r\n\r\n\t\r\n\t<!-- Thumbnails -->\r\n\t\t\r\n\t<div id=\"ngg-image-32871\" class=\"ngg-gallery-thumbnail-box\"  >\r\n\t\t<div class=\"ngg-gallery-thumbnail\" >\r\n\t\t\t<a href=\"https:\/\/spbielsk.pl\/wp-content\/gallery\/dni-kultury-kwiecien-2026\/0wdtqzzv.jpg\" title=\" \"   rel=\"lightbox[11017]\">\r\n\t\t\t\t\t\t\t\t<img decoding=\"async\" title=\"0wdtqzzv\" alt=\"0wdtqzzv\" src=\"https:\/\/spbielsk.pl\/wp-content\/gallery\/dni-kultury-kwiecien-2026\/thumbs\/thumbs_0wdtqzzv.jpg\" width=\"120\" height=\"90\" \/>\r\n\t\t\t\t\t\t\t<\/a>\r\n\t\t<\/div>\r\n\t<\/div>\r\n\t\r\n\t\t\r\n \t\t\r\n\t<div id=\"ngg-image-32872\" class=\"ngg-gallery-thumbnail-box\"  >\r\n\t\t<div class=\"ngg-gallery-thumbnail\" >\r\n\t\t\t<a href=\"https:\/\/spbielsk.pl\/wp-content\/gallery\/dni-kultury-kwiecien-2026\/3_yrgyvq.jpg\" title=\" \"   rel=\"lightbox[11017]\">\r\n\t\t\t\t\t\t\t\t<img decoding=\"async\" title=\"3_yrgyvq\" alt=\"3_yrgyvq\" src=\"https:\/\/spbielsk.pl\/wp-content\/gallery\/dni-kultury-kwiecien-2026\/thumbs\/thumbs_3_yrgyvq.jpg\" width=\"120\" height=\"90\" \/>\r\n\t\t\t\t\t\t\t<\/a>\r\n\t\t<\/div>\r\n\t<\/div>\r\n\t\r\n\t\t\r\n \t\t\r\n\t<div id=\"ngg-image-32873\" class=\"ngg-gallery-thumbnail-box\"  >\r\n\t\t<div class=\"ngg-gallery-thumbnail\" >\r\n\t\t\t<a href=\"https:\/\/spbielsk.pl\/wp-content\/gallery\/dni-kultury-kwiecien-2026\/6bh2oodb.jpg\" title=\" \"   rel=\"lightbox[11017]\">\r\n\t\t\t\t\t\t\t\t<img decoding=\"async\" title=\"6bh2oodb\" alt=\"6bh2oodb\" src=\"https:\/\/spbielsk.pl\/wp-content\/gallery\/dni-kultury-kwiecien-2026\/thumbs\/thumbs_6bh2oodb.jpg\" width=\"120\" height=\"90\" \/>\r\n\t\t\t\t\t\t\t<\/a>\r\n\t\t<\/div>\r\n\t<\/div>\r\n\t\r\n\t\t\r\n \t\t\r\n\t<div id=\"ngg-image-32874\" class=\"ngg-gallery-thumbnail-box\"  >\r\n\t\t<div class=\"ngg-gallery-thumbnail\" >\r\n\t\t\t<a href=\"https:\/\/spbielsk.pl\/wp-content\/gallery\/dni-kultury-kwiecien-2026\/csejxtq_.jpg\" title=\" \"   rel=\"lightbox[11017]\">\r\n\t\t\t\t\t\t\t\t<img loading=\"lazy\" decoding=\"async\" title=\"csejxtq_\" alt=\"csejxtq_\" src=\"https:\/\/spbielsk.pl\/wp-content\/gallery\/dni-kultury-kwiecien-2026\/thumbs\/thumbs_csejxtq_.jpg\" width=\"120\" height=\"90\" \/>\r\n\t\t\t\t\t\t\t<\/a>\r\n\t\t<\/div>\r\n\t<\/div>\r\n\t\r\n\t\t\r\n \t\t\r\n\t<div id=\"ngg-image-32875\" class=\"ngg-gallery-thumbnail-box\"  >\r\n\t\t<div class=\"ngg-gallery-thumbnail\" >\r\n\t\t\t<a href=\"https:\/\/spbielsk.pl\/wp-content\/gallery\/dni-kultury-kwiecien-2026\/glnfadul.jpg\" title=\" \"   rel=\"lightbox[11017]\">\r\n\t\t\t\t\t\t\t\t<img loading=\"lazy\" decoding=\"async\" title=\"glnfadul\" alt=\"glnfadul\" src=\"https:\/\/spbielsk.pl\/wp-content\/gallery\/dni-kultury-kwiecien-2026\/thumbs\/thumbs_glnfadul.jpg\" width=\"120\" height=\"90\" \/>\r\n\t\t\t\t\t\t\t<\/a>\r\n\t\t<\/div>\r\n\t<\/div>\r\n\t\r\n\t\t\r\n \t\t\r\n\t<div id=\"ngg-image-32876\" class=\"ngg-gallery-thumbnail-box\"  >\r\n\t\t<div class=\"ngg-gallery-thumbnail\" >\r\n\t\t\t<a href=\"https:\/\/spbielsk.pl\/wp-content\/gallery\/dni-kultury-kwiecien-2026\/gzeauxwm.jpg\" title=\" \"   rel=\"lightbox[11017]\">\r\n\t\t\t\t\t\t\t\t<img loading=\"lazy\" decoding=\"async\" title=\"gzeauxwm\" alt=\"gzeauxwm\" src=\"https:\/\/spbielsk.pl\/wp-content\/gallery\/dni-kultury-kwiecien-2026\/thumbs\/thumbs_gzeauxwm.jpg\" width=\"120\" height=\"90\" \/>\r\n\t\t\t\t\t\t\t<\/a>\r\n\t\t<\/div>\r\n\t<\/div>\r\n\t\r\n\t\t\r\n \t\t\r\n\t<div id=\"ngg-image-32877\" class=\"ngg-gallery-thumbnail-box\"  >\r\n\t\t<div class=\"ngg-gallery-thumbnail\" >\r\n\t\t\t<a href=\"https:\/\/spbielsk.pl\/wp-content\/gallery\/dni-kultury-kwiecien-2026\/h_9rubgl.jpg\" title=\" \"   rel=\"lightbox[11017]\">\r\n\t\t\t\t\t\t\t\t<img loading=\"lazy\" decoding=\"async\" title=\"h_9rubgl\" alt=\"h_9rubgl\" src=\"https:\/\/spbielsk.pl\/wp-content\/gallery\/dni-kultury-kwiecien-2026\/thumbs\/thumbs_h_9rubgl.jpg\" width=\"120\" height=\"90\" \/>\r\n\t\t\t\t\t\t\t<\/a>\r\n\t\t<\/div>\r\n\t<\/div>\r\n\t\r\n\t\t\r\n \t\t\r\n\t<div id=\"ngg-image-32878\" class=\"ngg-gallery-thumbnail-box\"  >\r\n\t\t<div class=\"ngg-gallery-thumbnail\" >\r\n\t\t\t<a href=\"https:\/\/spbielsk.pl\/wp-content\/gallery\/dni-kultury-kwiecien-2026\/jd0zffmn.jpg\" title=\" \"   rel=\"lightbox[11017]\">\r\n\t\t\t\t\t\t\t\t<img loading=\"lazy\" decoding=\"async\" title=\"jd0zffmn\" alt=\"jd0zffmn\" src=\"https:\/\/spbielsk.pl\/wp-content\/gallery\/dni-kultury-kwiecien-2026\/thumbs\/thumbs_jd0zffmn.jpg\" width=\"120\" height=\"90\" \/>\r\n\t\t\t\t\t\t\t<\/a>\r\n\t\t<\/div>\r\n\t<\/div>\r\n\t\r\n\t\t\r\n \t\t\r\n\t<div id=\"ngg-image-32879\" class=\"ngg-gallery-thumbnail-box\"  >\r\n\t\t<div class=\"ngg-gallery-thumbnail\" >\r\n\t\t\t<a href=\"https:\/\/spbielsk.pl\/wp-content\/gallery\/dni-kultury-kwiecien-2026\/n2db_3la.jpg\" title=\" \"   rel=\"lightbox[11017]\">\r\n\t\t\t\t\t\t\t\t<img loading=\"lazy\" decoding=\"async\" title=\"n2db_3la\" alt=\"n2db_3la\" src=\"https:\/\/spbielsk.pl\/wp-content\/gallery\/dni-kultury-kwiecien-2026\/thumbs\/thumbs_n2db_3la.jpg\" width=\"120\" height=\"90\" \/>\r\n\t\t\t\t\t\t\t<\/a>\r\n\t\t<\/div>\r\n\t<\/div>\r\n\t\r\n\t\t\r\n \t\t\r\n\t<div id=\"ngg-image-32880\" class=\"ngg-gallery-thumbnail-box\"  >\r\n\t\t<div class=\"ngg-gallery-thumbnail\" >\r\n\t\t\t<a href=\"https:\/\/spbielsk.pl\/wp-content\/gallery\/dni-kultury-kwiecien-2026\/o2fps9gj.jpg\" title=\" \"   rel=\"lightbox[11017]\">\r\n\t\t\t\t\t\t\t\t<img loading=\"lazy\" decoding=\"async\" title=\"o2fps9gj\" alt=\"o2fps9gj\" src=\"https:\/\/spbielsk.pl\/wp-content\/gallery\/dni-kultury-kwiecien-2026\/thumbs\/thumbs_o2fps9gj.jpg\" width=\"120\" height=\"90\" \/>\r\n\t\t\t\t\t\t\t<\/a>\r\n\t\t<\/div>\r\n\t<\/div>\r\n\t\r\n\t\t\r\n \t\t\r\n\t<div id=\"ngg-image-32881\" class=\"ngg-gallery-thumbnail-box\"  >\r\n\t\t<div class=\"ngg-gallery-thumbnail\" >\r\n\t\t\t<a href=\"https:\/\/spbielsk.pl\/wp-content\/gallery\/dni-kultury-kwiecien-2026\/o9zypcn_.jpg\" title=\" \"   rel=\"lightbox[11017]\">\r\n\t\t\t\t\t\t\t\t<img loading=\"lazy\" decoding=\"async\" title=\"o9zypcn_\" alt=\"o9zypcn_\" src=\"https:\/\/spbielsk.pl\/wp-content\/gallery\/dni-kultury-kwiecien-2026\/thumbs\/thumbs_o9zypcn_.jpg\" width=\"120\" height=\"90\" \/>\r\n\t\t\t\t\t\t\t<\/a>\r\n\t\t<\/div>\r\n\t<\/div>\r\n\t\r\n\t\t\r\n \t\t\r\n\t<div id=\"ngg-image-32882\" class=\"ngg-gallery-thumbnail-box\"  >\r\n\t\t<div class=\"ngg-gallery-thumbnail\" >\r\n\t\t\t<a href=\"https:\/\/spbielsk.pl\/wp-content\/gallery\/dni-kultury-kwiecien-2026\/qd3ltyfy.jpg\" title=\" \"   rel=\"lightbox[11017]\">\r\n\t\t\t\t\t\t\t\t<img loading=\"lazy\" decoding=\"async\" title=\"qd3ltyfy\" alt=\"qd3ltyfy\" src=\"https:\/\/spbielsk.pl\/wp-content\/gallery\/dni-kultury-kwiecien-2026\/thumbs\/thumbs_qd3ltyfy.jpg\" width=\"120\" height=\"90\" \/>\r\n\t\t\t\t\t\t\t<\/a>\r\n\t\t<\/div>\r\n\t<\/div>\r\n\t\r\n\t\t\r\n \t\t\r\n\t<div id=\"ngg-image-32883\" class=\"ngg-gallery-thumbnail-box\"  >\r\n\t\t<div class=\"ngg-gallery-thumbnail\" >\r\n\t\t\t<a href=\"https:\/\/spbielsk.pl\/wp-content\/gallery\/dni-kultury-kwiecien-2026\/rbyafkbu.jpg\" title=\" \"   rel=\"lightbox[11017]\">\r\n\t\t\t\t\t\t\t\t<img loading=\"lazy\" decoding=\"async\" title=\"rbyafkbu\" alt=\"rbyafkbu\" src=\"https:\/\/spbielsk.pl\/wp-content\/gallery\/dni-kultury-kwiecien-2026\/thumbs\/thumbs_rbyafkbu.jpg\" width=\"120\" height=\"90\" \/>\r\n\t\t\t\t\t\t\t<\/a>\r\n\t\t<\/div>\r\n\t<\/div>\r\n\t\r\n\t\t\r\n \t\t\r\n\t<div id=\"ngg-image-32884\" class=\"ngg-gallery-thumbnail-box\"  >\r\n\t\t<div class=\"ngg-gallery-thumbnail\" >\r\n\t\t\t<a href=\"https:\/\/spbielsk.pl\/wp-content\/gallery\/dni-kultury-kwiecien-2026\/sdna6ksq.jpg\" title=\" \"   rel=\"lightbox[11017]\">\r\n\t\t\t\t\t\t\t\t<img loading=\"lazy\" decoding=\"async\" title=\"sdna6ksq\" alt=\"sdna6ksq\" src=\"https:\/\/spbielsk.pl\/wp-content\/gallery\/dni-kultury-kwiecien-2026\/thumbs\/thumbs_sdna6ksq.jpg\" width=\"120\" height=\"90\" \/>\r\n\t\t\t\t\t\t\t<\/a>\r\n\t\t<\/div>\r\n\t<\/div>\r\n\t\r\n\t\t\r\n \t\t\r\n\t<div id=\"ngg-image-32885\" class=\"ngg-gallery-thumbnail-box\"  >\r\n\t\t<div class=\"ngg-gallery-thumbnail\" >\r\n\t\t\t<a href=\"https:\/\/spbielsk.pl\/wp-content\/gallery\/dni-kultury-kwiecien-2026\/un0zdmqn.jpg\" title=\" \"   rel=\"lightbox[11017]\">\r\n\t\t\t\t\t\t\t\t<img loading=\"lazy\" decoding=\"async\" title=\"un0zdmqn\" alt=\"un0zdmqn\" src=\"https:\/\/spbielsk.pl\/wp-content\/gallery\/dni-kultury-kwiecien-2026\/thumbs\/thumbs_un0zdmqn.jpg\" width=\"120\" height=\"90\" \/>\r\n\t\t\t\t\t\t\t<\/a>\r\n\t\t<\/div>\r\n\t<\/div>\r\n\t\r\n\t\t\r\n \t\t\r\n\t<div id=\"ngg-image-32886\" class=\"ngg-gallery-thumbnail-box\"  >\r\n\t\t<div class=\"ngg-gallery-thumbnail\" >\r\n\t\t\t<a href=\"https:\/\/spbielsk.pl\/wp-content\/gallery\/dni-kultury-kwiecien-2026\/usskdqtx.jpg\" title=\" \"   rel=\"lightbox[11017]\">\r\n\t\t\t\t\t\t\t\t<img loading=\"lazy\" decoding=\"async\" title=\"usskdqtx\" alt=\"usskdqtx\" src=\"https:\/\/spbielsk.pl\/wp-content\/gallery\/dni-kultury-kwiecien-2026\/thumbs\/thumbs_usskdqtx.jpg\" width=\"120\" height=\"90\" \/>\r\n\t\t\t\t\t\t\t<\/a>\r\n\t\t<\/div>\r\n\t<\/div>\r\n\t\r\n\t\t\r\n \t\t\r\n\t<div id=\"ngg-image-32887\" class=\"ngg-gallery-thumbnail-box\"  >\r\n\t\t<div class=\"ngg-gallery-thumbnail\" >\r\n\t\t\t<a href=\"https:\/\/spbielsk.pl\/wp-content\/gallery\/dni-kultury-kwiecien-2026\/wfk6b5ef.jpg\" title=\" \"   rel=\"lightbox[11017]\">\r\n\t\t\t\t\t\t\t\t<img loading=\"lazy\" decoding=\"async\" title=\"wfk6b5ef\" alt=\"wfk6b5ef\" src=\"https:\/\/spbielsk.pl\/wp-content\/gallery\/dni-kultury-kwiecien-2026\/thumbs\/thumbs_wfk6b5ef.jpg\" width=\"120\" height=\"90\" \/>\r\n\t\t\t\t\t\t\t<\/a>\r\n\t\t<\/div>\r\n\t<\/div>\r\n\t\r\n\t\t\r\n \t\t\r\n\t<div id=\"ngg-image-32888\" class=\"ngg-gallery-thumbnail-box\"  >\r\n\t\t<div class=\"ngg-gallery-thumbnail\" >\r\n\t\t\t<a href=\"https:\/\/spbielsk.pl\/wp-content\/gallery\/dni-kultury-kwiecien-2026\/wnsmro6s.jpg\" title=\" \"   rel=\"lightbox[11017]\">\r\n\t\t\t\t\t\t\t\t<img loading=\"lazy\" decoding=\"async\" title=\"wnsmro6s\" alt=\"wnsmro6s\" src=\"https:\/\/spbielsk.pl\/wp-content\/gallery\/dni-kultury-kwiecien-2026\/thumbs\/thumbs_wnsmro6s.jpg\" width=\"120\" height=\"90\" \/>\r\n\t\t\t\t\t\t\t<\/a>\r\n\t\t<\/div>\r\n\t<\/div>\r\n\t\r\n\t\t\r\n \t\t\r\n\t<div id=\"ngg-image-32889\" class=\"ngg-gallery-thumbnail-box\"  >\r\n\t\t<div class=\"ngg-gallery-thumbnail\" >\r\n\t\t\t<a href=\"https:\/\/spbielsk.pl\/wp-content\/gallery\/dni-kultury-kwiecien-2026\/xlxsfrkb.jpg\" title=\" \"   rel=\"lightbox[11017]\">\r\n\t\t\t\t\t\t\t\t<img loading=\"lazy\" decoding=\"async\" title=\"xlxsfrkb\" alt=\"xlxsfrkb\" src=\"https:\/\/spbielsk.pl\/wp-content\/gallery\/dni-kultury-kwiecien-2026\/thumbs\/thumbs_xlxsfrkb.jpg\" width=\"120\" height=\"90\" \/>\r\n\t\t\t\t\t\t\t<\/a>\r\n\t\t<\/div>\r\n\t<\/div>\r\n\t\r\n\t\t\r\n \t\t\r\n\t<div id=\"ngg-image-32890\" class=\"ngg-gallery-thumbnail-box\"  >\r\n\t\t<div class=\"ngg-gallery-thumbnail\" >\r\n\t\t\t<a href=\"https:\/\/spbielsk.pl\/wp-content\/gallery\/dni-kultury-kwiecien-2026\/zoona85g.jpg\" title=\" \"   rel=\"lightbox[11017]\">\r\n\t\t\t\t\t\t\t\t<img loading=\"lazy\" decoding=\"async\" title=\"zoona85g\" alt=\"zoona85g\" src=\"https:\/\/spbielsk.pl\/wp-content\/gallery\/dni-kultury-kwiecien-2026\/thumbs\/thumbs_zoona85g.jpg\" width=\"120\" height=\"90\" \/>\r\n\t\t\t\t\t\t\t<\/a>\r\n\t\t<\/div>\r\n\t<\/div>\r\n\t\r\n\t\t\r\n \t \t\r\n\t<!-- Pagination -->\r\n \t<div class='ngg-clear'><\/div>\n \t\r\n<\/div>\r\n\r\n<\/p>\n","protected":false},"excerpt":{"rendered":"<p>Podczas tegorocznych Dni Kultury uczennice naszej szko\u0142y zaprezentowa\u0142y dwa uk\u0142ady taneczne. Taniec lambada, kt\u00f3ry by\u0142 pe\u0142en energii, rado\u015bci i swobody \u2013 dziewczyny doskonale odda\u0142y jego \u017cywio\u0142owy charakter, a synchronizacja ruch\u00f3w i kontakt z publiczno\u015bci\u0105 sprawi\u0142y, \u017ce widzowie reagowali bardzo entuzjastycznie. Kolorowe stroje dodatkowo podkre\u015bla\u0142y klimat wyst\u0119pu i dodawa\u0142y mu lekko\u015bci.<\/p>\n","protected":false},"author":1,"featured_media":11018,"comment_status":"closed","ping_status":"closed","sticky":false,"template":"","format":"standard","meta":{"footnotes":""},"categories":[5],"tags":[],"class_list":["post-11017","post","type-post","status-publish","format-standard","has-post-thumbnail","hentry","category-s-p-bielsk"],"_links":{"self":[{"href":"https:\/\/spbielsk.pl\/index.php?rest_route=\/wp\/v2\/posts\/11017","targetHints":{"allow":["GET"]}}],"collection":[{"href":"https:\/\/spbielsk.pl\/index.php?rest_route=\/wp\/v2\/posts"}],"about":[{"href":"https:\/\/spbielsk.pl\/index.php?rest_route=\/wp\/v2\/types\/post"}],"author":[{"embeddable":true,"href":"https:\/\/spbielsk.pl\/index.php?rest_route=\/wp\/v2\/users\/1"}],"replies":[{"embeddable":true,"href":"https:\/\/spbielsk.pl\/index.php?rest_route=%2Fwp%2Fv2%2Fcomments&post=11017"}],"version-history":[{"count":1,"href":"https:\/\/spbielsk.pl\/index.php?rest_route=\/wp\/v2\/posts\/11017\/revisions"}],"predecessor-version":[{"id":11019,"href":"https:\/\/spbielsk.pl\/index.php?rest_route=\/wp\/v2\/posts\/11017\/revisions\/11019"}],"wp:featuredmedia":[{"embeddable":true,"href":"https:\/\/spbielsk.pl\/index.php?rest_route=\/wp\/v2\/media\/11018"}],"wp:attachment":[{"href":"https:\/\/spbielsk.pl\/index.php?rest_route=%2Fwp%2Fv2%2Fmedia&parent=11017"}],"wp:term":[{"taxonomy":"category","embeddable":true,"href":"https:\/\/spbielsk.pl\/index.php?rest_route=%2Fwp%2Fv2%2Fcategories&post=11017"},{"taxonomy":"post_tag","embeddable":true,"href":"https:\/\/spbielsk.pl\/index.php?rest_route=%2Fwp%2Fv2%2Ftags&post=11017"}],"curies":[{"name":"wp","href":"https:\/\/api.w.org\/{rel}","templated":true}]}}