{"id":10995,"date":"2026-04-21T20:23:09","date_gmt":"2026-04-21T19:23:09","guid":{"rendered":"https:\/\/spbielsk.pl\/?p=10995"},"modified":"2026-04-21T20:23:11","modified_gmt":"2026-04-21T19:23:11","slug":"zwyciestwo-w-miedzypowiatowym-konkursie-historycznym","status":"publish","type":"post","link":"https:\/\/spbielsk.pl\/?p=10995","title":{"rendered":"ZWYCI\u0118STWO W MI\u0118DZYPOWIATOWYM KONKURSIE HISTORYCZNYM!"},"content":{"rendered":"\n<p style=\"text-align: justify;\">17 kwietnia odby\u0142a si\u0119 uroczysta Gala Fina\u0142owa podsumowuj\u0105ca konkursy dla szk\u00f3\u0142 podstawowych, zorganizowane przez Liceum Og\u00f3lnokszta\u0142c\u0105ce im. mjra Henryka Sucharskiego w Sierpcu.<br \/>1 miejsce i tytu\u0142 laureata Mi\u0119dzypowiatowego Konkursu Historycznego &#8222;Polska w latach 1939 &#8211; 1989&#8221; uzyska\u0142 Przemys\u0142aw Michalski z klasy 8a! Warto podkre\u015bli\u0107, i\u017c Przemek zwyci\u0119\u017cy\u0142 w konkursie organizowanym przez LO w Sierpcu po raz trzeci, co zosta\u0142o podkre\u015blone przez organizator\u00f3w podczas wr\u0119czania nagr\u00f3d!<\/p>\n<p style=\"text-align: center;\"><!--more--><\/p>\n<p style=\"text-align: justify;\">W konkursie udzia\u0142 wzi\u0119\u0142a r\u00f3wnie\u017c i uzyska\u0142a bardzo dobry wynik uczennica klasy 5a Aleksandra Gapi\u0144ska!<\/p>\n<p style=\"text-align: justify;\">Serdecznie gratulujemy!<\/p>\n<p style=\"text-align: justify;\">Uczni\u00f3w do konkursu przygotowywa\u0142 oraz odebra\u0142 nagrod\u0119 w imieniu nieobecnego laureata p. \u0141ukasz J\u0119drzejewski.<\/p>\n<p style=\"text-align: justify;\">Patronat nad konkursami obj\u0105\u0142 oraz nagrody dla laureat\u00f3w i wyr\u00f3\u017cnionych os\u00f3b ufundowa\u0142 p. Przemys\u0142aw Burzy\u0144ski Starosta Sierpecki. W uroczysto\u015bci uczestniczy\u0142 Naczelnik Wydzia\u0142u O\u015bwiaty i Zdrowia w Starostwie Powiatowym w Sierpcu, p. Zbigniew Czajkowski. Organizatorami konkursu byli nauczyciele historii LO Sierpc &#8211; p. Klaudiusz Kaczy\u0144ski i p. Grzegorz Radomski.<\/p>\n<p style=\"text-align: justify;\">16 marca, kilkunastu uczni\u00f3w szk\u00f3\u0142 podstawowych z Sierpca, Ro\u015bciszewa, \u0141ukomia i Bielska rozwi\u0105zywa\u0142a arkusz konkursowy, zawieraj\u0105cy pytania z zakresu historii politycznej i gospodarczej RP.<\/p>\n<p style=\"text-align: center;\">\r\n<div class=\"ngg-galleryoverview\" id=\"ngg-gallery-1258-10995\">\r\n\r\n\t<!-- Slideshow link -->\r\n\t<div class=\"slideshowlink\">\r\n\t\t<a class=\"slideshowlink\" href=\"https:\/\/spbielsk.pl\/?p=10995&amp;show=slide\">\r\n\t\t\t[Show slideshow]\t\t<\/a>\r\n\t<\/div>\r\n\r\n\t\r\n\t<!-- Thumbnails -->\r\n\t\t\r\n\t<div id=\"ngg-image-32675\" class=\"ngg-gallery-thumbnail-box\"  >\r\n\t\t<div class=\"ngg-gallery-thumbnail\" >\r\n\t\t\t<a href=\"https:\/\/spbielsk.pl\/wp-content\/gallery\/konkurs-historyczny-sierpc-kwiecien-2026\/677917167_1496301802287468_6297882259066850183_n.jpg\" title=\" \"   rel=\"lightbox[10995]\">\r\n\t\t\t\t\t\t\t\t<img decoding=\"async\" title=\"677917167_1496301802287468_6297882259066850183_n\" alt=\"677917167_1496301802287468_6297882259066850183_n\" src=\"https:\/\/spbielsk.pl\/wp-content\/gallery\/konkurs-historyczny-sierpc-kwiecien-2026\/thumbs\/thumbs_677917167_1496301802287468_6297882259066850183_n.jpg\" width=\"120\" height=\"90\" \/>\r\n\t\t\t\t\t\t\t<\/a>\r\n\t\t<\/div>\r\n\t<\/div>\r\n\t\r\n\t\t\r\n \t\t\r\n\t<div id=\"ngg-image-32676\" class=\"ngg-gallery-thumbnail-box\"  >\r\n\t\t<div class=\"ngg-gallery-thumbnail\" >\r\n\t\t\t<a href=\"https:\/\/spbielsk.pl\/wp-content\/gallery\/konkurs-historyczny-sierpc-kwiecien-2026\/677937454_1496302912287357_7180205085915409987_n.jpg\" title=\" \"   rel=\"lightbox[10995]\">\r\n\t\t\t\t\t\t\t\t<img decoding=\"async\" title=\"677937454_1496302912287357_7180205085915409987_n\" alt=\"677937454_1496302912287357_7180205085915409987_n\" src=\"https:\/\/spbielsk.pl\/wp-content\/gallery\/konkurs-historyczny-sierpc-kwiecien-2026\/thumbs\/thumbs_677937454_1496302912287357_7180205085915409987_n.jpg\" width=\"120\" height=\"90\" \/>\r\n\t\t\t\t\t\t\t<\/a>\r\n\t\t<\/div>\r\n\t<\/div>\r\n\t\r\n\t\t\r\n \t\t\r\n\t<div id=\"ngg-image-32677\" class=\"ngg-gallery-thumbnail-box\"  >\r\n\t\t<div class=\"ngg-gallery-thumbnail\" >\r\n\t\t\t<a href=\"https:\/\/spbielsk.pl\/wp-content\/gallery\/konkurs-historyczny-sierpc-kwiecien-2026\/678562987_1496300212287627_1248378382140512509_n.jpg\" title=\" \"   rel=\"lightbox[10995]\">\r\n\t\t\t\t\t\t\t\t<img decoding=\"async\" title=\"678562987_1496300212287627_1248378382140512509_n\" alt=\"678562987_1496300212287627_1248378382140512509_n\" src=\"https:\/\/spbielsk.pl\/wp-content\/gallery\/konkurs-historyczny-sierpc-kwiecien-2026\/thumbs\/thumbs_678562987_1496300212287627_1248378382140512509_n.jpg\" width=\"120\" height=\"90\" \/>\r\n\t\t\t\t\t\t\t<\/a>\r\n\t\t<\/div>\r\n\t<\/div>\r\n\t\r\n\t\t\r\n \t\t\r\n\t<div id=\"ngg-image-32678\" class=\"ngg-gallery-thumbnail-box\"  >\r\n\t\t<div class=\"ngg-gallery-thumbnail\" >\r\n\t\t\t<a href=\"https:\/\/spbielsk.pl\/wp-content\/gallery\/konkurs-historyczny-sierpc-kwiecien-2026\/678678622_1496300528954262_8647218980841549724_n.jpg\" title=\" \"   rel=\"lightbox[10995]\">\r\n\t\t\t\t\t\t\t\t<img loading=\"lazy\" decoding=\"async\" title=\"678678622_1496300528954262_8647218980841549724_n\" alt=\"678678622_1496300528954262_8647218980841549724_n\" src=\"https:\/\/spbielsk.pl\/wp-content\/gallery\/konkurs-historyczny-sierpc-kwiecien-2026\/thumbs\/thumbs_678678622_1496300528954262_8647218980841549724_n.jpg\" width=\"120\" height=\"90\" \/>\r\n\t\t\t\t\t\t\t<\/a>\r\n\t\t<\/div>\r\n\t<\/div>\r\n\t\r\n\t\t\r\n \t \t\r\n\t<!-- Pagination -->\r\n \t<div class='ngg-clear'><\/div>\n \t\r\n<\/div>\r\n\r\n<\/p>\n","protected":false},"excerpt":{"rendered":"<p>17 kwietnia odby\u0142a si\u0119 uroczysta Gala Fina\u0142owa podsumowuj\u0105ca konkursy dla szk\u00f3\u0142 podstawowych, zorganizowane przez Liceum Og\u00f3lnokszta\u0142c\u0105ce im. mjra Henryka Sucharskiego w Sierpcu.1 miejsce i tytu\u0142 laureata Mi\u0119dzypowiatowego Konkursu Historycznego &#8222;Polska w latach 1939 &#8211; 1989&#8221; uzyska\u0142 Przemys\u0142aw Michalski z klasy 8a! Warto podkre\u015bli\u0107, i\u017c Przemek zwyci\u0119\u017cy\u0142 w konkursie organizowanym przez LO w Sierpcu po raz [&hellip;]<\/p>\n","protected":false},"author":1,"featured_media":10996,"comment_status":"closed","ping_status":"closed","sticky":false,"template":"","format":"standard","meta":{"footnotes":""},"categories":[5],"tags":[],"class_list":["post-10995","post","type-post","status-publish","format-standard","has-post-thumbnail","hentry","category-s-p-bielsk"],"_links":{"self":[{"href":"https:\/\/spbielsk.pl\/index.php?rest_route=\/wp\/v2\/posts\/10995","targetHints":{"allow":["GET"]}}],"collection":[{"href":"https:\/\/spbielsk.pl\/index.php?rest_route=\/wp\/v2\/posts"}],"about":[{"href":"https:\/\/spbielsk.pl\/index.php?rest_route=\/wp\/v2\/types\/post"}],"author":[{"embeddable":true,"href":"https:\/\/spbielsk.pl\/index.php?rest_route=\/wp\/v2\/users\/1"}],"replies":[{"embeddable":true,"href":"https:\/\/spbielsk.pl\/index.php?rest_route=%2Fwp%2Fv2%2Fcomments&post=10995"}],"version-history":[{"count":1,"href":"https:\/\/spbielsk.pl\/index.php?rest_route=\/wp\/v2\/posts\/10995\/revisions"}],"predecessor-version":[{"id":10997,"href":"https:\/\/spbielsk.pl\/index.php?rest_route=\/wp\/v2\/posts\/10995\/revisions\/10997"}],"wp:featuredmedia":[{"embeddable":true,"href":"https:\/\/spbielsk.pl\/index.php?rest_route=\/wp\/v2\/media\/10996"}],"wp:attachment":[{"href":"https:\/\/spbielsk.pl\/index.php?rest_route=%2Fwp%2Fv2%2Fmedia&parent=10995"}],"wp:term":[{"taxonomy":"category","embeddable":true,"href":"https:\/\/spbielsk.pl\/index.php?rest_route=%2Fwp%2Fv2%2Fcategories&post=10995"},{"taxonomy":"post_tag","embeddable":true,"href":"https:\/\/spbielsk.pl\/index.php?rest_route=%2Fwp%2Fv2%2Ftags&post=10995"}],"curies":[{"name":"wp","href":"https:\/\/api.w.org\/{rel}","templated":true}]}}