{"id":10950,"date":"2026-04-02T06:13:57","date_gmt":"2026-04-02T05:13:57","guid":{"rendered":"https:\/\/spbielsk.pl\/?p=10950"},"modified":"2026-04-04T06:14:58","modified_gmt":"2026-04-04T05:14:58","slug":"konkurs-plastyczny-100-lat-kolei-polskiej","status":"publish","type":"post","link":"https:\/\/spbielsk.pl\/?p=10950","title":{"rendered":"Konkurs plastyczny &#8222;100 LAT KOLEI POLSKIEJ&#8221;"},"content":{"rendered":"\n<p style=\"text-align: justify;\">Z okazji obchod\u00f3w setnej rocznicy KOLEI POLSKIEJ, w naszej szkole odby\u0142 si\u0119 konkurs plastyczny dla klas 1-3. Celem konkursu by\u0142o poszerzenie wiedzy uczni\u00f3w na temat historii polskiego kolejnictwa. Uczestniczy\u0142o w nim wiele dzieci, kt\u00f3re w wykonanych pracach wykaza\u0142y si\u0119 kreatywno\u015bci\u0105 i talentem artystycznym. Komisja ocenia\u0142a samodzielno\u015b\u0107 wykonania pracy, zgodno\u015b\u0107 z tematem, estetyk\u0119 i wyraz artystyczny.<\/p>\n<p style=\"text-align: center;\"><!--more--><\/p>\n<p style=\"text-align: justify;\">Uczniowie nagrodzeni i wyr\u00f3\u017cnieni:<br \/>1 miejsce &#8211; Nikola Gawi\u0144ska, kl. 2b <br \/>2 miejsce &#8211; Arkadiusz Dzie\u0142akowski, kl. 2a <br \/>3 miejsce &#8211; Zuzanna Borowska, kl. 3a<br \/>wyr\u00f3\u017cnienie: Nela B\u0142aszczak, kl. 3b<br \/>wyr\u00f3\u017cnienie: Amelia Sugajska, kl.3b<br \/>wyr\u00f3\u017cnienie: Antoni \u015awieczkowski, kl. 3b<\/p>\n<p style=\"text-align: justify;\">Uczniowie bior\u0105cy udzia\u0142 w konkursie otrzymali nagrody, dyplomy i s\u0142odki upominek.<\/p>\n<p style=\"text-align: justify;\">Wszystkim uczestnikom dzi\u0119kujemy za udzia\u0142, a nagrodzonym gratulujemy!<\/p>\n\r\n<div class=\"ngg-galleryoverview\" id=\"ngg-gallery-1252-10950\">\r\n\r\n\t<!-- Slideshow link -->\r\n\t<div class=\"slideshowlink\">\r\n\t\t<a class=\"slideshowlink\" href=\"https:\/\/spbielsk.pl\/?p=10950&amp;show=slide\">\r\n\t\t\t[Show slideshow]\t\t<\/a>\r\n\t<\/div>\r\n\r\n\t\r\n\t<!-- Thumbnails -->\r\n\t\t\r\n\t<div id=\"ngg-image-32639\" class=\"ngg-gallery-thumbnail-box\"  >\r\n\t\t<div class=\"ngg-gallery-thumbnail\" >\r\n\t\t\t<a href=\"https:\/\/spbielsk.pl\/wp-content\/gallery\/konkurs-plastyczny-100-lat-kolei-polskiej-kwiecien-2026\/660445522_1480586867192295_2594508938539684731_n.jpg\" title=\" \"   rel=\"lightbox[10950]\">\r\n\t\t\t\t\t\t\t\t<img decoding=\"async\" title=\"660445522_1480586867192295_2594508938539684731_n\" alt=\"660445522_1480586867192295_2594508938539684731_n\" src=\"https:\/\/spbielsk.pl\/wp-content\/gallery\/konkurs-plastyczny-100-lat-kolei-polskiej-kwiecien-2026\/thumbs\/thumbs_660445522_1480586867192295_2594508938539684731_n.jpg\" width=\"120\" height=\"90\" \/>\r\n\t\t\t\t\t\t\t<\/a>\r\n\t\t<\/div>\r\n\t<\/div>\r\n\t\r\n\t\t\r\n \t\t\r\n\t<div id=\"ngg-image-32640\" class=\"ngg-gallery-thumbnail-box\"  >\r\n\t\t<div class=\"ngg-gallery-thumbnail\" >\r\n\t\t\t<a href=\"https:\/\/spbielsk.pl\/wp-content\/gallery\/konkurs-plastyczny-100-lat-kolei-polskiej-kwiecien-2026\/660521787_1480586667192315_2168143036867161038_n.jpg\" title=\" \"   rel=\"lightbox[10950]\">\r\n\t\t\t\t\t\t\t\t<img decoding=\"async\" title=\"660521787_1480586667192315_2168143036867161038_n\" alt=\"660521787_1480586667192315_2168143036867161038_n\" src=\"https:\/\/spbielsk.pl\/wp-content\/gallery\/konkurs-plastyczny-100-lat-kolei-polskiej-kwiecien-2026\/thumbs\/thumbs_660521787_1480586667192315_2168143036867161038_n.jpg\" width=\"120\" height=\"90\" \/>\r\n\t\t\t\t\t\t\t<\/a>\r\n\t\t<\/div>\r\n\t<\/div>\r\n\t\r\n\t\t\r\n \t\t\r\n\t<div id=\"ngg-image-32641\" class=\"ngg-gallery-thumbnail-box\"  >\r\n\t\t<div class=\"ngg-gallery-thumbnail\" >\r\n\t\t\t<a href=\"https:\/\/spbielsk.pl\/wp-content\/gallery\/konkurs-plastyczny-100-lat-kolei-polskiej-kwiecien-2026\/660523796_1480586627192319_2006914254847110250_n.jpg\" title=\" \"   rel=\"lightbox[10950]\">\r\n\t\t\t\t\t\t\t\t<img decoding=\"async\" title=\"660523796_1480586627192319_2006914254847110250_n\" alt=\"660523796_1480586627192319_2006914254847110250_n\" src=\"https:\/\/spbielsk.pl\/wp-content\/gallery\/konkurs-plastyczny-100-lat-kolei-polskiej-kwiecien-2026\/thumbs\/thumbs_660523796_1480586627192319_2006914254847110250_n.jpg\" width=\"120\" height=\"90\" \/>\r\n\t\t\t\t\t\t\t<\/a>\r\n\t\t<\/div>\r\n\t<\/div>\r\n\t\r\n\t\t\r\n \t\t\r\n\t<div id=\"ngg-image-32642\" class=\"ngg-gallery-thumbnail-box\"  >\r\n\t\t<div class=\"ngg-gallery-thumbnail\" >\r\n\t\t\t<a href=\"https:\/\/spbielsk.pl\/wp-content\/gallery\/konkurs-plastyczny-100-lat-kolei-polskiej-kwiecien-2026\/660535827_1480586907192291_8120503191355141767_n.jpg\" title=\" \"   rel=\"lightbox[10950]\">\r\n\t\t\t\t\t\t\t\t<img loading=\"lazy\" decoding=\"async\" title=\"660535827_1480586907192291_8120503191355141767_n\" alt=\"660535827_1480586907192291_8120503191355141767_n\" src=\"https:\/\/spbielsk.pl\/wp-content\/gallery\/konkurs-plastyczny-100-lat-kolei-polskiej-kwiecien-2026\/thumbs\/thumbs_660535827_1480586907192291_8120503191355141767_n.jpg\" width=\"120\" height=\"90\" \/>\r\n\t\t\t\t\t\t\t<\/a>\r\n\t\t<\/div>\r\n\t<\/div>\r\n\t\r\n\t\t\r\n \t\t\r\n\t<div id=\"ngg-image-32643\" class=\"ngg-gallery-thumbnail-box\"  >\r\n\t\t<div class=\"ngg-gallery-thumbnail\" >\r\n\t\t\t<a href=\"https:\/\/spbielsk.pl\/wp-content\/gallery\/konkurs-plastyczny-100-lat-kolei-polskiej-kwiecien-2026\/660538224_1480586690525646_8712472511331736759_n.jpg\" title=\" \"   rel=\"lightbox[10950]\">\r\n\t\t\t\t\t\t\t\t<img loading=\"lazy\" decoding=\"async\" title=\"660538224_1480586690525646_8712472511331736759_n\" alt=\"660538224_1480586690525646_8712472511331736759_n\" src=\"https:\/\/spbielsk.pl\/wp-content\/gallery\/konkurs-plastyczny-100-lat-kolei-polskiej-kwiecien-2026\/thumbs\/thumbs_660538224_1480586690525646_8712472511331736759_n.jpg\" width=\"120\" height=\"90\" \/>\r\n\t\t\t\t\t\t\t<\/a>\r\n\t\t<\/div>\r\n\t<\/div>\r\n\t\r\n\t\t\r\n \t\t\r\n\t<div id=\"ngg-image-32644\" class=\"ngg-gallery-thumbnail-box\"  >\r\n\t\t<div class=\"ngg-gallery-thumbnail\" >\r\n\t\t\t<a href=\"https:\/\/spbielsk.pl\/wp-content\/gallery\/konkurs-plastyczny-100-lat-kolei-polskiej-kwiecien-2026\/660898582_1480586853858963_5446963143617344431_n.jpg\" title=\" \"   rel=\"lightbox[10950]\">\r\n\t\t\t\t\t\t\t\t<img loading=\"lazy\" decoding=\"async\" title=\"660898582_1480586853858963_5446963143617344431_n\" alt=\"660898582_1480586853858963_5446963143617344431_n\" src=\"https:\/\/spbielsk.pl\/wp-content\/gallery\/konkurs-plastyczny-100-lat-kolei-polskiej-kwiecien-2026\/thumbs\/thumbs_660898582_1480586853858963_5446963143617344431_n.jpg\" width=\"120\" height=\"90\" \/>\r\n\t\t\t\t\t\t\t<\/a>\r\n\t\t<\/div>\r\n\t<\/div>\r\n\t\r\n\t\t\r\n \t\t\r\n\t<div id=\"ngg-image-32645\" class=\"ngg-gallery-thumbnail-box\"  >\r\n\t\t<div class=\"ngg-gallery-thumbnail\" >\r\n\t\t\t<a href=\"https:\/\/spbielsk.pl\/wp-content\/gallery\/konkurs-plastyczny-100-lat-kolei-polskiej-kwiecien-2026\/660931476_1480592107191771_2960463075086806624_n.jpg\" title=\" \"   rel=\"lightbox[10950]\">\r\n\t\t\t\t\t\t\t\t<img loading=\"lazy\" decoding=\"async\" title=\"660931476_1480592107191771_2960463075086806624_n\" alt=\"660931476_1480592107191771_2960463075086806624_n\" src=\"https:\/\/spbielsk.pl\/wp-content\/gallery\/konkurs-plastyczny-100-lat-kolei-polskiej-kwiecien-2026\/thumbs\/thumbs_660931476_1480592107191771_2960463075086806624_n.jpg\" width=\"120\" height=\"90\" \/>\r\n\t\t\t\t\t\t\t<\/a>\r\n\t\t<\/div>\r\n\t<\/div>\r\n\t\r\n\t\t\r\n \t\t\r\n\t<div id=\"ngg-image-32646\" class=\"ngg-gallery-thumbnail-box\"  >\r\n\t\t<div class=\"ngg-gallery-thumbnail\" >\r\n\t\t\t<a href=\"https:\/\/spbielsk.pl\/wp-content\/gallery\/konkurs-plastyczny-100-lat-kolei-polskiej-kwiecien-2026\/661142426_1480593240524991_3764964695091431202_n.jpg\" title=\" \"   rel=\"lightbox[10950]\">\r\n\t\t\t\t\t\t\t\t<img loading=\"lazy\" decoding=\"async\" title=\"661142426_1480593240524991_3764964695091431202_n\" alt=\"661142426_1480593240524991_3764964695091431202_n\" src=\"https:\/\/spbielsk.pl\/wp-content\/gallery\/konkurs-plastyczny-100-lat-kolei-polskiej-kwiecien-2026\/thumbs\/thumbs_661142426_1480593240524991_3764964695091431202_n.jpg\" width=\"120\" height=\"90\" \/>\r\n\t\t\t\t\t\t\t<\/a>\r\n\t\t<\/div>\r\n\t<\/div>\r\n\t\r\n\t\t\r\n \t\t\r\n\t<div id=\"ngg-image-32647\" class=\"ngg-gallery-thumbnail-box\"  >\r\n\t\t<div class=\"ngg-gallery-thumbnail\" >\r\n\t\t\t<a href=\"https:\/\/spbielsk.pl\/wp-content\/gallery\/konkurs-plastyczny-100-lat-kolei-polskiej-kwiecien-2026\/661247460_1480592880525027_6938734501575031818_n.jpg\" title=\" \"   rel=\"lightbox[10950]\">\r\n\t\t\t\t\t\t\t\t<img loading=\"lazy\" decoding=\"async\" title=\"661247460_1480592880525027_6938734501575031818_n\" alt=\"661247460_1480592880525027_6938734501575031818_n\" src=\"https:\/\/spbielsk.pl\/wp-content\/gallery\/konkurs-plastyczny-100-lat-kolei-polskiej-kwiecien-2026\/thumbs\/thumbs_661247460_1480592880525027_6938734501575031818_n.jpg\" width=\"120\" height=\"90\" \/>\r\n\t\t\t\t\t\t\t<\/a>\r\n\t\t<\/div>\r\n\t<\/div>\r\n\t\r\n\t\t\r\n \t\t\r\n\t<div id=\"ngg-image-32648\" class=\"ngg-gallery-thumbnail-box\"  >\r\n\t\t<div class=\"ngg-gallery-thumbnail\" >\r\n\t\t\t<a href=\"https:\/\/spbielsk.pl\/wp-content\/gallery\/konkurs-plastyczny-100-lat-kolei-polskiej-kwiecien-2026\/661420223_1480592487191733_4588216935211995097_n.jpg\" title=\" \"   rel=\"lightbox[10950]\">\r\n\t\t\t\t\t\t\t\t<img loading=\"lazy\" decoding=\"async\" title=\"661420223_1480592487191733_4588216935211995097_n\" alt=\"661420223_1480592487191733_4588216935211995097_n\" src=\"https:\/\/spbielsk.pl\/wp-content\/gallery\/konkurs-plastyczny-100-lat-kolei-polskiej-kwiecien-2026\/thumbs\/thumbs_661420223_1480592487191733_4588216935211995097_n.jpg\" width=\"120\" height=\"90\" \/>\r\n\t\t\t\t\t\t\t<\/a>\r\n\t\t<\/div>\r\n\t<\/div>\r\n\t\r\n\t\t\r\n \t\t\r\n\t<div id=\"ngg-image-32649\" class=\"ngg-gallery-thumbnail-box\"  >\r\n\t\t<div class=\"ngg-gallery-thumbnail\" >\r\n\t\t\t<a href=\"https:\/\/spbielsk.pl\/wp-content\/gallery\/konkurs-plastyczny-100-lat-kolei-polskiej-kwiecien-2026\/661450265_1480586790525636_7388834621216376808_n.jpg\" title=\" \"   rel=\"lightbox[10950]\">\r\n\t\t\t\t\t\t\t\t<img loading=\"lazy\" decoding=\"async\" title=\"661450265_1480586790525636_7388834621216376808_n\" alt=\"661450265_1480586790525636_7388834621216376808_n\" src=\"https:\/\/spbielsk.pl\/wp-content\/gallery\/konkurs-plastyczny-100-lat-kolei-polskiej-kwiecien-2026\/thumbs\/thumbs_661450265_1480586790525636_7388834621216376808_n.jpg\" width=\"120\" height=\"90\" \/>\r\n\t\t\t\t\t\t\t<\/a>\r\n\t\t<\/div>\r\n\t<\/div>\r\n\t\r\n\t\t\r\n \t \t\r\n\t<!-- Pagination -->\r\n \t<div class='ngg-clear'><\/div>\n \t\r\n<\/div>\r\n\r\n\n","protected":false},"excerpt":{"rendered":"<p>Z okazji obchod\u00f3w setnej rocznicy KOLEI POLSKIEJ, w naszej szkole odby\u0142 si\u0119 konkurs plastyczny dla klas 1-3. Celem konkursu by\u0142o poszerzenie wiedzy uczni\u00f3w na temat historii polskiego kolejnictwa. Uczestniczy\u0142o w nim wiele dzieci, kt\u00f3re w wykonanych pracach wykaza\u0142y si\u0119 kreatywno\u015bci\u0105 i talentem artystycznym. Komisja ocenia\u0142a samodzielno\u015b\u0107 wykonania pracy, zgodno\u015b\u0107 z tematem, estetyk\u0119 i wyraz artystyczny.<\/p>\n","protected":false},"author":1,"featured_media":10951,"comment_status":"closed","ping_status":"closed","sticky":false,"template":"","format":"standard","meta":{"footnotes":""},"categories":[5],"tags":[],"class_list":["post-10950","post","type-post","status-publish","format-standard","has-post-thumbnail","hentry","category-s-p-bielsk"],"_links":{"self":[{"href":"https:\/\/spbielsk.pl\/index.php?rest_route=\/wp\/v2\/posts\/10950","targetHints":{"allow":["GET"]}}],"collection":[{"href":"https:\/\/spbielsk.pl\/index.php?rest_route=\/wp\/v2\/posts"}],"about":[{"href":"https:\/\/spbielsk.pl\/index.php?rest_route=\/wp\/v2\/types\/post"}],"author":[{"embeddable":true,"href":"https:\/\/spbielsk.pl\/index.php?rest_route=\/wp\/v2\/users\/1"}],"replies":[{"embeddable":true,"href":"https:\/\/spbielsk.pl\/index.php?rest_route=%2Fwp%2Fv2%2Fcomments&post=10950"}],"version-history":[{"count":1,"href":"https:\/\/spbielsk.pl\/index.php?rest_route=\/wp\/v2\/posts\/10950\/revisions"}],"predecessor-version":[{"id":10952,"href":"https:\/\/spbielsk.pl\/index.php?rest_route=\/wp\/v2\/posts\/10950\/revisions\/10952"}],"wp:featuredmedia":[{"embeddable":true,"href":"https:\/\/spbielsk.pl\/index.php?rest_route=\/wp\/v2\/media\/10951"}],"wp:attachment":[{"href":"https:\/\/spbielsk.pl\/index.php?rest_route=%2Fwp%2Fv2%2Fmedia&parent=10950"}],"wp:term":[{"taxonomy":"category","embeddable":true,"href":"https:\/\/spbielsk.pl\/index.php?rest_route=%2Fwp%2Fv2%2Fcategories&post=10950"},{"taxonomy":"post_tag","embeddable":true,"href":"https:\/\/spbielsk.pl\/index.php?rest_route=%2Fwp%2Fv2%2Ftags&post=10950"}],"curies":[{"name":"wp","href":"https:\/\/api.w.org\/{rel}","templated":true}]}}