{"id":10862,"date":"2026-03-09T19:07:45","date_gmt":"2026-03-09T18:07:45","guid":{"rendered":"https:\/\/spbielsk.pl\/?p=10862"},"modified":"2026-03-09T19:07:46","modified_gmt":"2026-03-09T18:07:46","slug":"wyniki-konkursu-jedz-smacznie-zdrowo-i-kolorowo","status":"publish","type":"post","link":"https:\/\/spbielsk.pl\/?p=10862","title":{"rendered":"Wyniki konkursu \u201eJedz smacznie, zdrowo i kolorowo!\u201d"},"content":{"rendered":"\n<p style=\"text-align: justify;\">Znamy ju\u017c zwyci\u0119zc\u00f3w konkursu prozdrowotnego \u201eJedz smacznie, zdrowo i kolorowo!\u201d organizowanego przez nasz\u0105 szko\u0142\u0119. Uczniowie klas I \u2013 III mieli nie\u0142atwe zadanie do wykonania. Najpierw za pomoc\u0105 dowolnej techniki plastycznej musieli stworzy\u0107 zdrow\u0105 potraw\u0119, nast\u0119pnie j\u0105 sfotografowa\u0107, aby kolejno na podstawie zdj\u0119cia wykona\u0107 prace. Dania z fotografii by\u0142y nie tylko zdrowe, ale r\u00f3wnie\u017c przemy\u015blane, kolorowe i apetyczne, a same prace plastyczne wykonane z dok\u0142adno\u015bci\u0105 i staranno\u015bci\u0105. Zwyci\u0119zcom serdecznie gratulujemy kreatywno\u015bci i oczywi\u015bcie talentu plastycznego!<\/p>\n<p style=\"text-align: center;\"><!--more--><\/p>\n<p style=\"text-align: justify;\">Jury po trudnych i d\u0142ugich negocjacjach wy\u0142oni\u0142o nast\u0119puj\u0105cych zwyci\u0119zc\u00f3w:<br \/>I miejsce \u2013 Adam Rychli\u0144ski\u00a0 1a<br \/>II miejsce &#8211; Alicja Gretkowska 1b<br \/>III miejsce &#8211; Aleksander Reszczy\u0144ski 1b<\/p>\n<p>Jeszcze raz gratulujemy!<\/p>\n<p style=\"text-align: center;\">\r\n<div class=\"ngg-galleryoverview\" id=\"ngg-gallery-1239-10862\">\r\n\r\n\t<!-- Slideshow link -->\r\n\t<div class=\"slideshowlink\">\r\n\t\t<a class=\"slideshowlink\" href=\"https:\/\/spbielsk.pl\/?p=10862&amp;show=slide\">\r\n\t\t\t[Show slideshow]\t\t<\/a>\r\n\t<\/div>\r\n\r\n\t\r\n\t<!-- Thumbnails -->\r\n\t\t\r\n\t<div id=\"ngg-image-32482\" class=\"ngg-gallery-thumbnail-box\"  >\r\n\t\t<div class=\"ngg-gallery-thumbnail\" >\r\n\t\t\t<a href=\"https:\/\/spbielsk.pl\/wp-content\/gallery\/jedz-smacznie-konkurs-marzec-2026\/0x4qzxlk.jpg\" title=\" \"   rel=\"lightbox[10862]\">\r\n\t\t\t\t\t\t\t\t<img decoding=\"async\" title=\"0x4qzxlk\" alt=\"0x4qzxlk\" src=\"https:\/\/spbielsk.pl\/wp-content\/gallery\/jedz-smacznie-konkurs-marzec-2026\/thumbs\/thumbs_0x4qzxlk.jpg\" width=\"120\" height=\"90\" \/>\r\n\t\t\t\t\t\t\t<\/a>\r\n\t\t<\/div>\r\n\t<\/div>\r\n\t\r\n\t\t\r\n \t\t\r\n\t<div id=\"ngg-image-32483\" class=\"ngg-gallery-thumbnail-box\"  >\r\n\t\t<div class=\"ngg-gallery-thumbnail\" >\r\n\t\t\t<a href=\"https:\/\/spbielsk.pl\/wp-content\/gallery\/jedz-smacznie-konkurs-marzec-2026\/bez-nazwy.jpg\" title=\" \"   rel=\"lightbox[10862]\">\r\n\t\t\t\t\t\t\t\t<img decoding=\"async\" title=\"bez-nazwy\" alt=\"bez-nazwy\" src=\"https:\/\/spbielsk.pl\/wp-content\/gallery\/jedz-smacznie-konkurs-marzec-2026\/thumbs\/thumbs_bez-nazwy.jpg\" width=\"120\" height=\"90\" \/>\r\n\t\t\t\t\t\t\t<\/a>\r\n\t\t<\/div>\r\n\t<\/div>\r\n\t\r\n\t\t\r\n \t\t\r\n\t<div id=\"ngg-image-32484\" class=\"ngg-gallery-thumbnail-box\"  >\r\n\t\t<div class=\"ngg-gallery-thumbnail\" >\r\n\t\t\t<a href=\"https:\/\/spbielsk.pl\/wp-content\/gallery\/jedz-smacznie-konkurs-marzec-2026\/bez-nazwy4.jpg\" title=\" \"   rel=\"lightbox[10862]\">\r\n\t\t\t\t\t\t\t\t<img decoding=\"async\" title=\"bez-nazwy4\" alt=\"bez-nazwy4\" src=\"https:\/\/spbielsk.pl\/wp-content\/gallery\/jedz-smacznie-konkurs-marzec-2026\/thumbs\/thumbs_bez-nazwy4.jpg\" width=\"120\" height=\"90\" \/>\r\n\t\t\t\t\t\t\t<\/a>\r\n\t\t<\/div>\r\n\t<\/div>\r\n\t\r\n\t\t\r\n \t\t\r\n\t<div id=\"ngg-image-32485\" class=\"ngg-gallery-thumbnail-box\"  >\r\n\t\t<div class=\"ngg-gallery-thumbnail\" >\r\n\t\t\t<a href=\"https:\/\/spbielsk.pl\/wp-content\/gallery\/jedz-smacznie-konkurs-marzec-2026\/kzg3x7lm.jpg\" title=\" \"   rel=\"lightbox[10862]\">\r\n\t\t\t\t\t\t\t\t<img loading=\"lazy\" decoding=\"async\" title=\"kzg3x7lm\" alt=\"kzg3x7lm\" src=\"https:\/\/spbielsk.pl\/wp-content\/gallery\/jedz-smacznie-konkurs-marzec-2026\/thumbs\/thumbs_kzg3x7lm.jpg\" width=\"120\" height=\"90\" \/>\r\n\t\t\t\t\t\t\t<\/a>\r\n\t\t<\/div>\r\n\t<\/div>\r\n\t\r\n\t\t\r\n \t\t\r\n\t<div id=\"ngg-image-32486\" class=\"ngg-gallery-thumbnail-box\"  >\r\n\t\t<div class=\"ngg-gallery-thumbnail\" >\r\n\t\t\t<a href=\"https:\/\/spbielsk.pl\/wp-content\/gallery\/jedz-smacznie-konkurs-marzec-2026\/rs1wehbl.jpg\" title=\" \"   rel=\"lightbox[10862]\">\r\n\t\t\t\t\t\t\t\t<img loading=\"lazy\" decoding=\"async\" title=\"rs1wehbl\" alt=\"rs1wehbl\" src=\"https:\/\/spbielsk.pl\/wp-content\/gallery\/jedz-smacznie-konkurs-marzec-2026\/thumbs\/thumbs_rs1wehbl.jpg\" width=\"120\" height=\"90\" \/>\r\n\t\t\t\t\t\t\t<\/a>\r\n\t\t<\/div>\r\n\t<\/div>\r\n\t\r\n\t\t\r\n \t\t\r\n\t<div id=\"ngg-image-32487\" class=\"ngg-gallery-thumbnail-box\"  >\r\n\t\t<div class=\"ngg-gallery-thumbnail\" >\r\n\t\t\t<a href=\"https:\/\/spbielsk.pl\/wp-content\/gallery\/jedz-smacznie-konkurs-marzec-2026\/utxe0ht8.jpg\" title=\" \"   rel=\"lightbox[10862]\">\r\n\t\t\t\t\t\t\t\t<img loading=\"lazy\" decoding=\"async\" title=\"utxe0ht8\" alt=\"utxe0ht8\" src=\"https:\/\/spbielsk.pl\/wp-content\/gallery\/jedz-smacznie-konkurs-marzec-2026\/thumbs\/thumbs_utxe0ht8.jpg\" width=\"120\" height=\"90\" \/>\r\n\t\t\t\t\t\t\t<\/a>\r\n\t\t<\/div>\r\n\t<\/div>\r\n\t\r\n\t\t\r\n \t \t\r\n\t<!-- Pagination -->\r\n \t<div class='ngg-clear'><\/div>\n \t\r\n<\/div>\r\n\r\n<\/p>\n","protected":false},"excerpt":{"rendered":"<p>Znamy ju\u017c zwyci\u0119zc\u00f3w konkursu prozdrowotnego \u201eJedz smacznie, zdrowo i kolorowo!\u201d organizowanego przez nasz\u0105 szko\u0142\u0119. Uczniowie klas I \u2013 III mieli nie\u0142atwe zadanie do wykonania. Najpierw za pomoc\u0105 dowolnej techniki plastycznej musieli stworzy\u0107 zdrow\u0105 potraw\u0119, nast\u0119pnie j\u0105 sfotografowa\u0107, aby kolejno na podstawie zdj\u0119cia wykona\u0107 prace. Dania z fotografii by\u0142y nie tylko zdrowe, ale r\u00f3wnie\u017c przemy\u015blane, kolorowe [&hellip;]<\/p>\n","protected":false},"author":1,"featured_media":10863,"comment_status":"closed","ping_status":"closed","sticky":false,"template":"","format":"standard","meta":{"footnotes":""},"categories":[5],"tags":[],"class_list":["post-10862","post","type-post","status-publish","format-standard","has-post-thumbnail","hentry","category-s-p-bielsk"],"_links":{"self":[{"href":"https:\/\/spbielsk.pl\/index.php?rest_route=\/wp\/v2\/posts\/10862","targetHints":{"allow":["GET"]}}],"collection":[{"href":"https:\/\/spbielsk.pl\/index.php?rest_route=\/wp\/v2\/posts"}],"about":[{"href":"https:\/\/spbielsk.pl\/index.php?rest_route=\/wp\/v2\/types\/post"}],"author":[{"embeddable":true,"href":"https:\/\/spbielsk.pl\/index.php?rest_route=\/wp\/v2\/users\/1"}],"replies":[{"embeddable":true,"href":"https:\/\/spbielsk.pl\/index.php?rest_route=%2Fwp%2Fv2%2Fcomments&post=10862"}],"version-history":[{"count":1,"href":"https:\/\/spbielsk.pl\/index.php?rest_route=\/wp\/v2\/posts\/10862\/revisions"}],"predecessor-version":[{"id":10864,"href":"https:\/\/spbielsk.pl\/index.php?rest_route=\/wp\/v2\/posts\/10862\/revisions\/10864"}],"wp:featuredmedia":[{"embeddable":true,"href":"https:\/\/spbielsk.pl\/index.php?rest_route=\/wp\/v2\/media\/10863"}],"wp:attachment":[{"href":"https:\/\/spbielsk.pl\/index.php?rest_route=%2Fwp%2Fv2%2Fmedia&parent=10862"}],"wp:term":[{"taxonomy":"category","embeddable":true,"href":"https:\/\/spbielsk.pl\/index.php?rest_route=%2Fwp%2Fv2%2Fcategories&post=10862"},{"taxonomy":"post_tag","embeddable":true,"href":"https:\/\/spbielsk.pl\/index.php?rest_route=%2Fwp%2Fv2%2Ftags&post=10862"}],"curies":[{"name":"wp","href":"https:\/\/api.w.org\/{rel}","templated":true}]}}