{"id":10848,"date":"2026-03-04T09:33:33","date_gmt":"2026-03-04T08:33:33","guid":{"rendered":"https:\/\/spbielsk.pl\/?p=10848"},"modified":"2026-03-04T09:33:34","modified_gmt":"2026-03-04T08:33:34","slug":"zwyciestwo-w-regionalnym-konkursie-historycznym","status":"publish","type":"post","link":"https:\/\/spbielsk.pl\/?p=10848","title":{"rendered":"ZWYCI\u0118STWO W REGIONALNYM KONKURSIE HISTORYCZNYM!"},"content":{"rendered":"\n<div class=\"wp-block-image\"><img fetchpriority=\"high\" decoding=\"async\" class=\"wpa-warning wpa-image-missing-alt aligncenter size-medium wp-image-10849\" src=\"https:\/\/spbielsk.pl\/wp-content\/uploads\/2026\/03\/Przemek-hist-300x173.jpg\" alt=\"\" width=\"300\" height=\"173\" data-warning=\"Missing alt text\" srcset=\"https:\/\/spbielsk.pl\/wp-content\/uploads\/2026\/03\/Przemek-hist-300x173.jpg 300w, https:\/\/spbielsk.pl\/wp-content\/uploads\/2026\/03\/Przemek-hist.jpg 695w\" sizes=\"(max-width: 300px) 100vw, 300px\" \/><\/div>\n<p style=\"text-align: justify;\">3 marca w Liceum Og\u00f3lnokszta\u0142c\u0105cym im. W\u0142adys\u0142awa Jagie\u0142\u0142y w P\u0142ocku odby\u0142a si\u0119 II edycja regionalnego konkursu historycznego &#8222;\u017bo\u0142nierze Wykl\u0119ci \u2013 bohaterowie nie wymazani z pami\u0119ci narodowej&#8221; dla uczni\u00f3w szk\u00f3\u0142 podstawowych.<br \/>1miejsce i tytu\u0142 laureata wywalczy\u0142 Przemys\u0142aw Michalski, ucze\u0144 klasy 8a!<br \/>Ucze\u0144 do konkursu przygotowywa\u0142 si\u0119 pod kierunkiem p. \u0141ukasza J\u0119drzejewskiego.<\/p>\n<p style=\"text-align: center;\"><!--more--><\/p>\n<p style=\"text-align: justify;\">Serdecznie gratulujemy i \u017cyczymy powodzenia w kolejnych wyzwaniach konkursowych!<br \/>Wydarzenie swoj\u0105 obecno\u015bci\u0105 u\u015bwietnili cz\u0142onkowie Stowarzyszenia Historycznego im. 11 Grupy Operacyjnej NSZ w P\u0142ocku.<\/p>\n<p style=\"text-align: justify;\">Celem konkursu by\u0142o m.in.:<br \/>&#8211; upami\u0119tnienie Narodowego Dnia Pami\u0119ci \u017bo\u0142nierzy Wykl\u0119tych;<br \/>&#8211; budzenie i utrwalanie dumy z dziedzictwa narodowego;<br \/>&#8211; piel\u0119gnowanie polsko\u015bci oraz rozw\u00f3j i kszta\u0142towanie \u015bwiadomo\u015bci narodowej, obywatelskiej i kulturowej mieszka\u0144c\u00f3w, a tak\u017ce piel\u0119gnowanie i rozwijanie to\u017csamo\u015bci lokalnej;<br \/>&#8211; upowszechnienie wiedzy historycznej o \u017co\u0142nierzach Wojska Polskiego, kt\u00f3rzy walczyli o niepodleg\u0142o\u015b\u0107 Polski w okresie II Wojny \u015awiatowej i po jej zako\u0144czeniu z re\u017cimem komunistycznym.<\/p>\n<p style=\"text-align: center;\">\r\n<div class=\"ngg-galleryoverview\" id=\"ngg-gallery-1238-10848\">\r\n\r\n\t<!-- Slideshow link -->\r\n\t<div class=\"slideshowlink\">\r\n\t\t<a class=\"slideshowlink\" href=\"https:\/\/spbielsk.pl\/?p=10848&amp;show=slide\">\r\n\t\t\t[Show slideshow]\t\t<\/a>\r\n\t<\/div>\r\n\r\n\t\r\n\t<!-- Thumbnails -->\r\n\t\t\r\n\t<div id=\"ngg-image-32476\" class=\"ngg-gallery-thumbnail-box\"  >\r\n\t\t<div class=\"ngg-gallery-thumbnail\" >\r\n\t\t\t<a href=\"https:\/\/spbielsk.pl\/wp-content\/gallery\/konkurs-historyczny-przemek-marzec-2026\/645932979_1457173579533624_5505694948485331173_n.jpg\" title=\" \"   rel=\"lightbox[10848]\">\r\n\t\t\t\t\t\t\t\t<img decoding=\"async\" title=\"645932979_1457173579533624_5505694948485331173_n\" alt=\"645932979_1457173579533624_5505694948485331173_n\" src=\"https:\/\/spbielsk.pl\/wp-content\/gallery\/konkurs-historyczny-przemek-marzec-2026\/thumbs\/thumbs_645932979_1457173579533624_5505694948485331173_n.jpg\" width=\"120\" height=\"90\" \/>\r\n\t\t\t\t\t\t\t<\/a>\r\n\t\t<\/div>\r\n\t<\/div>\r\n\t\r\n\t\t\r\n \t\t\r\n\t<div id=\"ngg-image-32477\" class=\"ngg-gallery-thumbnail-box\"  >\r\n\t\t<div class=\"ngg-gallery-thumbnail\" >\r\n\t\t\t<a href=\"https:\/\/spbielsk.pl\/wp-content\/gallery\/konkurs-historyczny-przemek-marzec-2026\/646005857_1457173596200289_8029963666020437500_n.jpg\" title=\" \"   rel=\"lightbox[10848]\">\r\n\t\t\t\t\t\t\t\t<img decoding=\"async\" title=\"646005857_1457173596200289_8029963666020437500_n\" alt=\"646005857_1457173596200289_8029963666020437500_n\" src=\"https:\/\/spbielsk.pl\/wp-content\/gallery\/konkurs-historyczny-przemek-marzec-2026\/thumbs\/thumbs_646005857_1457173596200289_8029963666020437500_n.jpg\" width=\"120\" height=\"90\" \/>\r\n\t\t\t\t\t\t\t<\/a>\r\n\t\t<\/div>\r\n\t<\/div>\r\n\t\r\n\t\t\r\n \t\t\r\n\t<div id=\"ngg-image-32478\" class=\"ngg-gallery-thumbnail-box\"  >\r\n\t\t<div class=\"ngg-gallery-thumbnail\" >\r\n\t\t\t<a href=\"https:\/\/spbielsk.pl\/wp-content\/gallery\/konkurs-historyczny-przemek-marzec-2026\/646055108_1457173636200285_8195847994494062728_n.jpg\" title=\" \"   rel=\"lightbox[10848]\">\r\n\t\t\t\t\t\t\t\t<img loading=\"lazy\" decoding=\"async\" title=\"646055108_1457173636200285_8195847994494062728_n\" alt=\"646055108_1457173636200285_8195847994494062728_n\" src=\"https:\/\/spbielsk.pl\/wp-content\/gallery\/konkurs-historyczny-przemek-marzec-2026\/thumbs\/thumbs_646055108_1457173636200285_8195847994494062728_n.jpg\" width=\"120\" height=\"90\" \/>\r\n\t\t\t\t\t\t\t<\/a>\r\n\t\t<\/div>\r\n\t<\/div>\r\n\t\r\n\t\t\r\n \t\t\r\n\t<div id=\"ngg-image-32479\" class=\"ngg-gallery-thumbnail-box\"  >\r\n\t\t<div class=\"ngg-gallery-thumbnail\" >\r\n\t\t\t<a href=\"https:\/\/spbielsk.pl\/wp-content\/gallery\/konkurs-historyczny-przemek-marzec-2026\/646093880_1457173649533617_7637260587256023717_n.jpg\" title=\" \"   rel=\"lightbox[10848]\">\r\n\t\t\t\t\t\t\t\t<img loading=\"lazy\" decoding=\"async\" title=\"646093880_1457173649533617_7637260587256023717_n\" alt=\"646093880_1457173649533617_7637260587256023717_n\" src=\"https:\/\/spbielsk.pl\/wp-content\/gallery\/konkurs-historyczny-przemek-marzec-2026\/thumbs\/thumbs_646093880_1457173649533617_7637260587256023717_n.jpg\" width=\"120\" height=\"90\" \/>\r\n\t\t\t\t\t\t\t<\/a>\r\n\t\t<\/div>\r\n\t<\/div>\r\n\t\r\n\t\t\r\n \t\t\r\n\t<div id=\"ngg-image-32480\" class=\"ngg-gallery-thumbnail-box\"  >\r\n\t\t<div class=\"ngg-gallery-thumbnail\" >\r\n\t\t\t<a href=\"https:\/\/spbielsk.pl\/wp-content\/gallery\/konkurs-historyczny-przemek-marzec-2026\/646145094_1457173669533615_733702852588154727_n.jpg\" title=\" \"   rel=\"lightbox[10848]\">\r\n\t\t\t\t\t\t\t\t<img loading=\"lazy\" decoding=\"async\" title=\"646145094_1457173669533615_733702852588154727_n\" alt=\"646145094_1457173669533615_733702852588154727_n\" src=\"https:\/\/spbielsk.pl\/wp-content\/gallery\/konkurs-historyczny-przemek-marzec-2026\/thumbs\/thumbs_646145094_1457173669533615_733702852588154727_n.jpg\" width=\"120\" height=\"90\" \/>\r\n\t\t\t\t\t\t\t<\/a>\r\n\t\t<\/div>\r\n\t<\/div>\r\n\t\r\n\t\t\r\n \t\t\r\n\t<div id=\"ngg-image-32481\" class=\"ngg-gallery-thumbnail-box\"  >\r\n\t\t<div class=\"ngg-gallery-thumbnail\" >\r\n\t\t\t<a href=\"https:\/\/spbielsk.pl\/wp-content\/gallery\/konkurs-historyczny-przemek-marzec-2026\/646207225_1457173562866959_4297619884291147082_n-e28094-kopia.jpg\" title=\" \"   rel=\"lightbox[10848]\">\r\n\t\t\t\t\t\t\t\t<img loading=\"lazy\" decoding=\"async\" title=\"646207225_1457173562866959_4297619884291147082_n-e28094-kopia\" alt=\"646207225_1457173562866959_4297619884291147082_n-e28094-kopia\" src=\"https:\/\/spbielsk.pl\/wp-content\/gallery\/konkurs-historyczny-przemek-marzec-2026\/thumbs\/thumbs_646207225_1457173562866959_4297619884291147082_n-e28094-kopia.jpg\" width=\"120\" height=\"90\" \/>\r\n\t\t\t\t\t\t\t<\/a>\r\n\t\t<\/div>\r\n\t<\/div>\r\n\t\r\n\t\t\r\n \t \t\r\n\t<!-- Pagination -->\r\n \t<div class='ngg-clear'><\/div>\n \t\r\n<\/div>\r\n\r\n<\/p>\n","protected":false},"excerpt":{"rendered":"<p>3 marca w Liceum Og\u00f3lnokszta\u0142c\u0105cym im. W\u0142adys\u0142awa Jagie\u0142\u0142y w P\u0142ocku odby\u0142a si\u0119 II edycja regionalnego konkursu historycznego &#8222;\u017bo\u0142nierze Wykl\u0119ci \u2013 bohaterowie nie wymazani z pami\u0119ci narodowej&#8221; dla uczni\u00f3w szk\u00f3\u0142 podstawowych.1miejsce i tytu\u0142 laureata wywalczy\u0142 Przemys\u0142aw Michalski, ucze\u0144 klasy 8a!Ucze\u0144 do konkursu przygotowywa\u0142 si\u0119 pod kierunkiem p. \u0141ukasza J\u0119drzejewskiego.<\/p>\n","protected":false},"author":1,"featured_media":0,"comment_status":"closed","ping_status":"closed","sticky":false,"template":"","format":"standard","meta":{"footnotes":""},"categories":[5],"tags":[],"class_list":["post-10848","post","type-post","status-publish","format-standard","hentry","category-s-p-bielsk"],"_links":{"self":[{"href":"https:\/\/spbielsk.pl\/index.php?rest_route=\/wp\/v2\/posts\/10848","targetHints":{"allow":["GET"]}}],"collection":[{"href":"https:\/\/spbielsk.pl\/index.php?rest_route=\/wp\/v2\/posts"}],"about":[{"href":"https:\/\/spbielsk.pl\/index.php?rest_route=\/wp\/v2\/types\/post"}],"author":[{"embeddable":true,"href":"https:\/\/spbielsk.pl\/index.php?rest_route=\/wp\/v2\/users\/1"}],"replies":[{"embeddable":true,"href":"https:\/\/spbielsk.pl\/index.php?rest_route=%2Fwp%2Fv2%2Fcomments&post=10848"}],"version-history":[{"count":2,"href":"https:\/\/spbielsk.pl\/index.php?rest_route=\/wp\/v2\/posts\/10848\/revisions"}],"predecessor-version":[{"id":10861,"href":"https:\/\/spbielsk.pl\/index.php?rest_route=\/wp\/v2\/posts\/10848\/revisions\/10861"}],"wp:attachment":[{"href":"https:\/\/spbielsk.pl\/index.php?rest_route=%2Fwp%2Fv2%2Fmedia&parent=10848"}],"wp:term":[{"taxonomy":"category","embeddable":true,"href":"https:\/\/spbielsk.pl\/index.php?rest_route=%2Fwp%2Fv2%2Fcategories&post=10848"},{"taxonomy":"post_tag","embeddable":true,"href":"https:\/\/spbielsk.pl\/index.php?rest_route=%2Fwp%2Fv2%2Ftags&post=10848"}],"curies":[{"name":"wp","href":"https:\/\/api.w.org\/{rel}","templated":true}]}}