{"id":10767,"date":"2026-02-15T12:07:49","date_gmt":"2026-02-15T11:07:49","guid":{"rendered":"https:\/\/spbielsk.pl\/?p=10767"},"modified":"2026-02-15T12:07:50","modified_gmt":"2026-02-15T11:07:50","slug":"konkurs-z-jezyka-niemieckiego","status":"publish","type":"post","link":"https:\/\/spbielsk.pl\/?p=10767","title":{"rendered":"Konkurs z j\u0119zyka niemieckiego!"},"content":{"rendered":"\n<div class=\"wp-block-image\" style=\"text-align: center;\"><a href=\"https:\/\/spbielsk.pl\/wp-content\/uploads\/2026\/02\/637456319_1442968547620794_4487876175511118414_n.jpg\" rel=\"lightbox[10767]\"><img fetchpriority=\"high\" decoding=\"async\" class=\"wpa-warning wpa-image-missing-alt aligncenter wp-image-10768 size-medium\" src=\"https:\/\/spbielsk.pl\/wp-content\/uploads\/2026\/02\/637456319_1442968547620794_4487876175511118414_n-214x300.jpg\" alt=\"\" width=\"214\" height=\"300\" data-warning=\"Missing alt text\" srcset=\"https:\/\/spbielsk.pl\/wp-content\/uploads\/2026\/02\/637456319_1442968547620794_4487876175511118414_n-214x300.jpg 214w, https:\/\/spbielsk.pl\/wp-content\/uploads\/2026\/02\/637456319_1442968547620794_4487876175511118414_n.jpg 732w\" sizes=\"(max-width: 214px) 100vw, 214px\" \/><\/a><\/div>\n<p style=\"text-align: justify;\">Uczennice klasy 7a: Natalia Narkiewicz i Kalina Dominiak wzi\u0119\u0142y udzia\u0142 w powiatowym konkursie zorganizowanym przez MSCDN w P\u0142ocku pt. \u201eNajpi\u0119kniejszy kalendarz adwentowy w j\u0119zyku niemieckim \u2013 Der sch\u00f6nste Adventskalender\u201d.<\/p>\n<p style=\"text-align: center;\"><!--more--><\/p>\n<p style=\"text-align: justify;\">Konkurs by\u0142 doskona\u0142\u0105 okazj\u0105 do rozwijania kreatywno\u015bci oraz umiej\u0119tno\u015bci j\u0119zykowych uczni\u00f3w.<br \/>Jego celem by\u0142o po\u0142\u0105czenie tradycji adwentowej z nauk\u0105 j\u0119zyka niemieckiego poprzez w\u0142asnor\u0119czne wykonanie kalendarza adwentowego zawieraj\u0105cego elementy j\u0119zykowe i kulturowe zwi\u0105zane z krajami niemieckoj\u0119zycznymi.<br \/>Uczennice z du\u017cym zaanga\u017cowaniem i staranno\u015bci\u0105 przygotowa\u0142y swoj\u0105 prac\u0119. Ich kalendarz wyr\u00f3\u017cnia\u0142 si\u0119 pomys\u0142owo\u015bci\u0105 i poprawno\u015bci\u0105 j\u0119zykow\u0105. Za udzia\u0142 w konkursie dziewczynki otrzyma\u0142y dyplomy oraz upominki.<\/p>\n<p style=\"text-align: justify;\">Serdecznie gratulujemy uczestniczkom i \u017cyczymy dalszych sukces\u00f3w!<\/p>\n<p>\u00a0<\/p>\n","protected":false},"excerpt":{"rendered":"<p>Uczennice klasy 7a: Natalia Narkiewicz i Kalina Dominiak wzi\u0119\u0142y udzia\u0142 w powiatowym konkursie zorganizowanym przez MSCDN w P\u0142ocku pt. \u201eNajpi\u0119kniejszy kalendarz adwentowy w j\u0119zyku niemieckim \u2013 Der sch\u00f6nste Adventskalender\u201d.<\/p>\n","protected":false},"author":1,"featured_media":0,"comment_status":"closed","ping_status":"closed","sticky":false,"template":"","format":"standard","meta":{"footnotes":""},"categories":[5],"tags":[],"class_list":["post-10767","post","type-post","status-publish","format-standard","hentry","category-s-p-bielsk"],"_links":{"self":[{"href":"https:\/\/spbielsk.pl\/index.php?rest_route=\/wp\/v2\/posts\/10767","targetHints":{"allow":["GET"]}}],"collection":[{"href":"https:\/\/spbielsk.pl\/index.php?rest_route=\/wp\/v2\/posts"}],"about":[{"href":"https:\/\/spbielsk.pl\/index.php?rest_route=\/wp\/v2\/types\/post"}],"author":[{"embeddable":true,"href":"https:\/\/spbielsk.pl\/index.php?rest_route=\/wp\/v2\/users\/1"}],"replies":[{"embeddable":true,"href":"https:\/\/spbielsk.pl\/index.php?rest_route=%2Fwp%2Fv2%2Fcomments&post=10767"}],"version-history":[{"count":1,"href":"https:\/\/spbielsk.pl\/index.php?rest_route=\/wp\/v2\/posts\/10767\/revisions"}],"predecessor-version":[{"id":10769,"href":"https:\/\/spbielsk.pl\/index.php?rest_route=\/wp\/v2\/posts\/10767\/revisions\/10769"}],"wp:attachment":[{"href":"https:\/\/spbielsk.pl\/index.php?rest_route=%2Fwp%2Fv2%2Fmedia&parent=10767"}],"wp:term":[{"taxonomy":"category","embeddable":true,"href":"https:\/\/spbielsk.pl\/index.php?rest_route=%2Fwp%2Fv2%2Fcategories&post=10767"},{"taxonomy":"post_tag","embeddable":true,"href":"https:\/\/spbielsk.pl\/index.php?rest_route=%2Fwp%2Fv2%2Ftags&post=10767"}],"curies":[{"name":"wp","href":"https:\/\/api.w.org\/{rel}","templated":true}]}}