{"id":10172,"date":"2025-08-31T10:35:43","date_gmt":"2025-08-31T09:35:43","guid":{"rendered":"https:\/\/spbielsk.pl\/?p=10172"},"modified":"2025-09-08T19:42:51","modified_gmt":"2025-09-08T18:42:51","slug":"zbiorka-na-rzecz-rodzin-uczniow-poszkodowanych-w-kataklizmie-nawalnicy","status":"publish","type":"post","link":"https:\/\/spbielsk.pl\/?p=10172","title":{"rendered":"ZBI\u00d3RKA NA RZECZ RODZIN UCZNI\u00d3W POSZKODOWANYCH W KATAKLI\u0179MIE NAWA\u0141NICY"},"content":{"rendered":"\n<p style=\"text-align: justify;\">Szkolny Klub Wolontariusza w dniach 23-27 czerwca 2025 r. na terenie szko\u0142y przeprowadzi\u0142 zbi\u00f3rk\u0119 charytatywn\u0105 na rzecz rodzin poszkodowanych przez nawa\u0142nic\u0119, w wyniku kt\u00f3rej ucierpia\u0142y domostwa naszych uczennic. <br \/>Do zebranej kwoty do\u0142\u0105czone zosta\u0142y r\u00f3wnie\u017c fundusze zgromadzone przez wolontariat z wcze\u015bniej przeprowadzonych akcji, takich jak: loteria fantowa, czy kwiatki dla matki oraz \u015brodki uzyskane ze zbi\u00f3rki publicznej przeprowadzonej przez wychowawc\u00f3w poszkodowanych dzieci. Kwesta przeprowadzona zosta\u0142a na terenie parafii podczas odpustu ku czci \u015bw. Jana Chrzciciela w Bielsku. Powo\u0142ana komisja rozdysponowa\u0142a w r\u00f3wnych kwotach zebrane \u015brodki i za po\u015brednictwem Pani Dyrektor przekaza\u0142a poszkodowanym rodzinom. Wszystkim ofiarodawcom serdecznie dzi\u0119kujemy za serce i ofiarno\u015b\u0107.<\/p>\n<p style=\"text-align: center;\"><!--more--><\/p>\n<p style=\"text-align: center;\">\r\n<div class=\"ngg-galleryoverview\" id=\"ngg-gallery-1156-10172\">\r\n\r\n\t<!-- Slideshow link -->\r\n\t<div class=\"slideshowlink\">\r\n\t\t<a class=\"slideshowlink\" href=\"https:\/\/spbielsk.pl\/?p=10172&amp;show=slide\">\r\n\t\t\t[Show slideshow]\t\t<\/a>\r\n\t<\/div>\r\n\r\n\t\r\n\t<!-- Thumbnails -->\r\n\t\t\r\n\t<div id=\"ngg-image-30340\" class=\"ngg-gallery-thumbnail-box\"  >\r\n\t\t<div class=\"ngg-gallery-thumbnail\" >\r\n\t\t\t<a href=\"https:\/\/spbielsk.pl\/wp-content\/gallery\/zbiorka-nawalnica-czerwiec-2025\/bez-nazwy.jpg\" title=\" \"   rel=\"lightbox[10172]\">\r\n\t\t\t\t\t\t\t\t<img decoding=\"async\" title=\"bez-nazwy\" alt=\"bez-nazwy\" src=\"https:\/\/spbielsk.pl\/wp-content\/gallery\/zbiorka-nawalnica-czerwiec-2025\/thumbs\/thumbs_bez-nazwy.jpg\" width=\"120\" height=\"90\" \/>\r\n\t\t\t\t\t\t\t<\/a>\r\n\t\t<\/div>\r\n\t<\/div>\r\n\t\r\n\t\t\r\n \t\t\r\n\t<div id=\"ngg-image-30341\" class=\"ngg-gallery-thumbnail-box\"  >\r\n\t\t<div class=\"ngg-gallery-thumbnail\" >\r\n\t\t\t<a href=\"https:\/\/spbielsk.pl\/wp-content\/gallery\/zbiorka-nawalnica-czerwiec-2025\/bez-nazwy10.jpg\" title=\" \"   rel=\"lightbox[10172]\">\r\n\t\t\t\t\t\t\t\t<img decoding=\"async\" title=\"bez-nazwy10\" alt=\"bez-nazwy10\" src=\"https:\/\/spbielsk.pl\/wp-content\/gallery\/zbiorka-nawalnica-czerwiec-2025\/thumbs\/thumbs_bez-nazwy10.jpg\" width=\"120\" height=\"90\" \/>\r\n\t\t\t\t\t\t\t<\/a>\r\n\t\t<\/div>\r\n\t<\/div>\r\n\t\r\n\t\t\r\n \t\t\r\n\t<div id=\"ngg-image-30342\" class=\"ngg-gallery-thumbnail-box\"  >\r\n\t\t<div class=\"ngg-gallery-thumbnail\" >\r\n\t\t\t<a href=\"https:\/\/spbielsk.pl\/wp-content\/gallery\/zbiorka-nawalnica-czerwiec-2025\/bez-nazwy11.jpg\" title=\" \"   rel=\"lightbox[10172]\">\r\n\t\t\t\t\t\t\t\t<img decoding=\"async\" title=\"bez-nazwy11\" alt=\"bez-nazwy11\" src=\"https:\/\/spbielsk.pl\/wp-content\/gallery\/zbiorka-nawalnica-czerwiec-2025\/thumbs\/thumbs_bez-nazwy11.jpg\" width=\"120\" height=\"90\" \/>\r\n\t\t\t\t\t\t\t<\/a>\r\n\t\t<\/div>\r\n\t<\/div>\r\n\t\r\n\t\t\r\n \t\t\r\n\t<div id=\"ngg-image-30343\" class=\"ngg-gallery-thumbnail-box\"  >\r\n\t\t<div class=\"ngg-gallery-thumbnail\" >\r\n\t\t\t<a href=\"https:\/\/spbielsk.pl\/wp-content\/gallery\/zbiorka-nawalnica-czerwiec-2025\/bez-nazwy2.jpg\" title=\" \"   rel=\"lightbox[10172]\">\r\n\t\t\t\t\t\t\t\t<img loading=\"lazy\" decoding=\"async\" title=\"bez-nazwy2\" alt=\"bez-nazwy2\" src=\"https:\/\/spbielsk.pl\/wp-content\/gallery\/zbiorka-nawalnica-czerwiec-2025\/thumbs\/thumbs_bez-nazwy2.jpg\" width=\"120\" height=\"90\" \/>\r\n\t\t\t\t\t\t\t<\/a>\r\n\t\t<\/div>\r\n\t<\/div>\r\n\t\r\n\t\t\r\n \t\t\r\n\t<div id=\"ngg-image-30344\" class=\"ngg-gallery-thumbnail-box\"  >\r\n\t\t<div class=\"ngg-gallery-thumbnail\" >\r\n\t\t\t<a href=\"https:\/\/spbielsk.pl\/wp-content\/gallery\/zbiorka-nawalnica-czerwiec-2025\/bez-nazwy3.jpg\" title=\" \"   rel=\"lightbox[10172]\">\r\n\t\t\t\t\t\t\t\t<img loading=\"lazy\" decoding=\"async\" title=\"bez-nazwy3\" alt=\"bez-nazwy3\" src=\"https:\/\/spbielsk.pl\/wp-content\/gallery\/zbiorka-nawalnica-czerwiec-2025\/thumbs\/thumbs_bez-nazwy3.jpg\" width=\"120\" height=\"90\" \/>\r\n\t\t\t\t\t\t\t<\/a>\r\n\t\t<\/div>\r\n\t<\/div>\r\n\t\r\n\t\t\r\n \t\t\r\n\t<div id=\"ngg-image-30345\" class=\"ngg-gallery-thumbnail-box\"  >\r\n\t\t<div class=\"ngg-gallery-thumbnail\" >\r\n\t\t\t<a href=\"https:\/\/spbielsk.pl\/wp-content\/gallery\/zbiorka-nawalnica-czerwiec-2025\/bez-nazwy4.jpg\" title=\" \"   rel=\"lightbox[10172]\">\r\n\t\t\t\t\t\t\t\t<img loading=\"lazy\" decoding=\"async\" title=\"bez-nazwy4\" alt=\"bez-nazwy4\" src=\"https:\/\/spbielsk.pl\/wp-content\/gallery\/zbiorka-nawalnica-czerwiec-2025\/thumbs\/thumbs_bez-nazwy4.jpg\" width=\"120\" height=\"90\" \/>\r\n\t\t\t\t\t\t\t<\/a>\r\n\t\t<\/div>\r\n\t<\/div>\r\n\t\r\n\t\t\r\n \t\t\r\n\t<div id=\"ngg-image-30346\" class=\"ngg-gallery-thumbnail-box\"  >\r\n\t\t<div class=\"ngg-gallery-thumbnail\" >\r\n\t\t\t<a href=\"https:\/\/spbielsk.pl\/wp-content\/gallery\/zbiorka-nawalnica-czerwiec-2025\/bez-nazwy5.jpg\" title=\" \"   rel=\"lightbox[10172]\">\r\n\t\t\t\t\t\t\t\t<img loading=\"lazy\" decoding=\"async\" title=\"bez-nazwy5\" alt=\"bez-nazwy5\" src=\"https:\/\/spbielsk.pl\/wp-content\/gallery\/zbiorka-nawalnica-czerwiec-2025\/thumbs\/thumbs_bez-nazwy5.jpg\" width=\"120\" height=\"90\" \/>\r\n\t\t\t\t\t\t\t<\/a>\r\n\t\t<\/div>\r\n\t<\/div>\r\n\t\r\n\t\t\r\n \t\t\r\n\t<div id=\"ngg-image-30347\" class=\"ngg-gallery-thumbnail-box\"  >\r\n\t\t<div class=\"ngg-gallery-thumbnail\" >\r\n\t\t\t<a href=\"https:\/\/spbielsk.pl\/wp-content\/gallery\/zbiorka-nawalnica-czerwiec-2025\/bez-nazwy6.jpg\" title=\" \"   rel=\"lightbox[10172]\">\r\n\t\t\t\t\t\t\t\t<img loading=\"lazy\" decoding=\"async\" title=\"bez-nazwy6\" alt=\"bez-nazwy6\" src=\"https:\/\/spbielsk.pl\/wp-content\/gallery\/zbiorka-nawalnica-czerwiec-2025\/thumbs\/thumbs_bez-nazwy6.jpg\" width=\"120\" height=\"90\" \/>\r\n\t\t\t\t\t\t\t<\/a>\r\n\t\t<\/div>\r\n\t<\/div>\r\n\t\r\n\t\t\r\n \t\t\r\n\t<div id=\"ngg-image-30348\" class=\"ngg-gallery-thumbnail-box\"  >\r\n\t\t<div class=\"ngg-gallery-thumbnail\" >\r\n\t\t\t<a href=\"https:\/\/spbielsk.pl\/wp-content\/gallery\/zbiorka-nawalnica-czerwiec-2025\/bez-nazwy7.jpg\" title=\" \"   rel=\"lightbox[10172]\">\r\n\t\t\t\t\t\t\t\t<img loading=\"lazy\" decoding=\"async\" title=\"bez-nazwy7\" alt=\"bez-nazwy7\" src=\"https:\/\/spbielsk.pl\/wp-content\/gallery\/zbiorka-nawalnica-czerwiec-2025\/thumbs\/thumbs_bez-nazwy7.jpg\" width=\"120\" height=\"90\" \/>\r\n\t\t\t\t\t\t\t<\/a>\r\n\t\t<\/div>\r\n\t<\/div>\r\n\t\r\n\t\t\r\n \t\t\r\n\t<div id=\"ngg-image-30349\" class=\"ngg-gallery-thumbnail-box\"  >\r\n\t\t<div class=\"ngg-gallery-thumbnail\" >\r\n\t\t\t<a href=\"https:\/\/spbielsk.pl\/wp-content\/gallery\/zbiorka-nawalnica-czerwiec-2025\/bez-nazwy8.jpg\" title=\" \"   rel=\"lightbox[10172]\">\r\n\t\t\t\t\t\t\t\t<img loading=\"lazy\" decoding=\"async\" title=\"bez-nazwy8\" alt=\"bez-nazwy8\" src=\"https:\/\/spbielsk.pl\/wp-content\/gallery\/zbiorka-nawalnica-czerwiec-2025\/thumbs\/thumbs_bez-nazwy8.jpg\" width=\"120\" height=\"90\" \/>\r\n\t\t\t\t\t\t\t<\/a>\r\n\t\t<\/div>\r\n\t<\/div>\r\n\t\r\n\t\t\r\n \t\t\r\n\t<div id=\"ngg-image-30350\" class=\"ngg-gallery-thumbnail-box\"  >\r\n\t\t<div class=\"ngg-gallery-thumbnail\" >\r\n\t\t\t<a href=\"https:\/\/spbielsk.pl\/wp-content\/gallery\/zbiorka-nawalnica-czerwiec-2025\/bez-nazwy9.jpg\" title=\" \"   rel=\"lightbox[10172]\">\r\n\t\t\t\t\t\t\t\t<img loading=\"lazy\" decoding=\"async\" title=\"bez-nazwy9\" alt=\"bez-nazwy9\" src=\"https:\/\/spbielsk.pl\/wp-content\/gallery\/zbiorka-nawalnica-czerwiec-2025\/thumbs\/thumbs_bez-nazwy9.jpg\" width=\"120\" height=\"90\" \/>\r\n\t\t\t\t\t\t\t<\/a>\r\n\t\t<\/div>\r\n\t<\/div>\r\n\t\r\n\t\t\r\n \t \t\r\n\t<!-- Pagination -->\r\n \t<div class='ngg-clear'><\/div>\n \t\r\n<\/div>\r\n\r\n<\/p>\n\n\n","protected":false},"excerpt":{"rendered":"<p>Szkolny Klub Wolontariusza w dniach 23-27 czerwca 2025 r. na terenie szko\u0142y przeprowadzi\u0142 zbi\u00f3rk\u0119 charytatywn\u0105 na rzecz rodzin poszkodowanych przez nawa\u0142nic\u0119, w wyniku kt\u00f3rej ucierpia\u0142y domostwa naszych uczennic. Do zebranej kwoty do\u0142\u0105czone zosta\u0142y r\u00f3wnie\u017c fundusze zgromadzone przez wolontariat z wcze\u015bniej przeprowadzonych akcji, takich jak: loteria fantowa, czy kwiatki dla matki oraz \u015brodki uzyskane ze zbi\u00f3rki [&hellip;]<\/p>\n","protected":false},"author":1,"featured_media":10173,"comment_status":"closed","ping_status":"closed","sticky":false,"template":"","format":"standard","meta":{"footnotes":""},"categories":[5],"tags":[],"class_list":["post-10172","post","type-post","status-publish","format-standard","has-post-thumbnail","hentry","category-s-p-bielsk"],"_links":{"self":[{"href":"https:\/\/spbielsk.pl\/index.php?rest_route=\/wp\/v2\/posts\/10172","targetHints":{"allow":["GET"]}}],"collection":[{"href":"https:\/\/spbielsk.pl\/index.php?rest_route=\/wp\/v2\/posts"}],"about":[{"href":"https:\/\/spbielsk.pl\/index.php?rest_route=\/wp\/v2\/types\/post"}],"author":[{"embeddable":true,"href":"https:\/\/spbielsk.pl\/index.php?rest_route=\/wp\/v2\/users\/1"}],"replies":[{"embeddable":true,"href":"https:\/\/spbielsk.pl\/index.php?rest_route=%2Fwp%2Fv2%2Fcomments&post=10172"}],"version-history":[{"count":3,"href":"https:\/\/spbielsk.pl\/index.php?rest_route=\/wp\/v2\/posts\/10172\/revisions"}],"predecessor-version":[{"id":10179,"href":"https:\/\/spbielsk.pl\/index.php?rest_route=\/wp\/v2\/posts\/10172\/revisions\/10179"}],"wp:featuredmedia":[{"embeddable":true,"href":"https:\/\/spbielsk.pl\/index.php?rest_route=\/wp\/v2\/media\/10173"}],"wp:attachment":[{"href":"https:\/\/spbielsk.pl\/index.php?rest_route=%2Fwp%2Fv2%2Fmedia&parent=10172"}],"wp:term":[{"taxonomy":"category","embeddable":true,"href":"https:\/\/spbielsk.pl\/index.php?rest_route=%2Fwp%2Fv2%2Fcategories&post=10172"},{"taxonomy":"post_tag","embeddable":true,"href":"https:\/\/spbielsk.pl\/index.php?rest_route=%2Fwp%2Fv2%2Ftags&post=10172"}],"curies":[{"name":"wp","href":"https:\/\/api.w.org\/{rel}","templated":true}]}}