{"id":10167,"date":"2025-09-05T16:59:49","date_gmt":"2025-09-05T15:59:49","guid":{"rendered":"https:\/\/spbielsk.pl\/?p=10167"},"modified":"2025-09-05T16:59:51","modified_gmt":"2025-09-05T15:59:51","slug":"probna-ewakuacja-szkoly-2","status":"publish","type":"post","link":"https:\/\/spbielsk.pl\/?p=10167","title":{"rendered":"Pr\u00f3bna ewakuacja szko\u0142y"},"content":{"rendered":"\n<div class=\"xdj266r x14z9mp xat24cr x1lziwak x1vvkbs x126k92a\">\n<div dir=\"auto\" style=\"text-align: justify;\">4 wrze\u015bnia przeprowadzona zosta\u0142a pr\u00f3bna ewakuacja szko\u0142y. Podczas \u0107wicze\u0144, symulowana by\u0142a akcja gaszenia po\u017caru kot\u0142owni.\u00a0<\/div>\n<\/div>\n<div class=\"x14z9mp xat24cr x1lziwak x1vvkbs xtlvy1s x126k92a\">\n<div dir=\"auto\" style=\"text-align: justify;\">Podzi\u0119kowania kierujemy do uczni\u00f3w, nauczycieli i pracownik\u00f3w niepedagogicznych szko\u0142y za sprawne wykonanie zadania oraz szczeg\u00f3lnie dzi\u0119kujemy za wsp\u00f3\u0142prac\u0119 zaprzyja\u017anionym druhom z <span class=\"html-span xdj266r x14z9mp xat24cr x1lziwak xexx8yu xyri2b x18d9i69 x1c1uobl x1hl2dhg x16tdsg8 x1vvkbs\"><span class=\"xt0psk2\"><span class=\"xjp7ctv\">OSP Bielsk<\/span><\/span><\/span>.<\/div>\n<\/div>\n<p><!--more--><\/p>\n<div dir=\"auto\" style=\"text-align: center;\">\r\n<div class=\"ngg-galleryoverview\" id=\"ngg-gallery-1155-10167\">\r\n\r\n\t<!-- Slideshow link -->\r\n\t<div class=\"slideshowlink\">\r\n\t\t<a class=\"slideshowlink\" href=\"https:\/\/spbielsk.pl\/?p=10167&amp;show=slide\">\r\n\t\t\t[Show slideshow]\t\t<\/a>\r\n\t<\/div>\r\n\r\n\t\r\n\t<!-- Thumbnails -->\r\n\t\t\r\n\t<div id=\"ngg-image-30332\" class=\"ngg-gallery-thumbnail-box\"  >\r\n\t\t<div class=\"ngg-gallery-thumbnail\" >\r\n\t\t\t<a href=\"https:\/\/spbielsk.pl\/wp-content\/gallery\/ewakuacja-probna-wrzesien-2025\/542720988_1308538411063809_5629700636833376475_n.jpg\" title=\" \"   rel=\"lightbox[10167]\">\r\n\t\t\t\t\t\t\t\t<img decoding=\"async\" title=\"542720988_1308538411063809_5629700636833376475_n\" alt=\"542720988_1308538411063809_5629700636833376475_n\" src=\"https:\/\/spbielsk.pl\/wp-content\/gallery\/ewakuacja-probna-wrzesien-2025\/thumbs\/thumbs_542720988_1308538411063809_5629700636833376475_n.jpg\" width=\"120\" height=\"90\" \/>\r\n\t\t\t\t\t\t\t<\/a>\r\n\t\t<\/div>\r\n\t<\/div>\r\n\t\r\n\t\t\r\n \t\t\r\n\t<div id=\"ngg-image-30333\" class=\"ngg-gallery-thumbnail-box\"  >\r\n\t\t<div class=\"ngg-gallery-thumbnail\" >\r\n\t\t\t<a href=\"https:\/\/spbielsk.pl\/wp-content\/gallery\/ewakuacja-probna-wrzesien-2025\/542756090_1308538391063811_8886283249988222631_n.jpg\" title=\" \"   rel=\"lightbox[10167]\">\r\n\t\t\t\t\t\t\t\t<img decoding=\"async\" title=\"542756090_1308538391063811_8886283249988222631_n\" alt=\"542756090_1308538391063811_8886283249988222631_n\" src=\"https:\/\/spbielsk.pl\/wp-content\/gallery\/ewakuacja-probna-wrzesien-2025\/thumbs\/thumbs_542756090_1308538391063811_8886283249988222631_n.jpg\" width=\"120\" height=\"90\" \/>\r\n\t\t\t\t\t\t\t<\/a>\r\n\t\t<\/div>\r\n\t<\/div>\r\n\t\r\n\t\t\r\n \t\t\r\n\t<div id=\"ngg-image-30334\" class=\"ngg-gallery-thumbnail-box\"  >\r\n\t\t<div class=\"ngg-gallery-thumbnail\" >\r\n\t\t\t<a href=\"https:\/\/spbielsk.pl\/wp-content\/gallery\/ewakuacja-probna-wrzesien-2025\/542756408_1308538567730460_6433459105610938251_n.jpg\" title=\" \"   rel=\"lightbox[10167]\">\r\n\t\t\t\t\t\t\t\t<img decoding=\"async\" title=\"542756408_1308538567730460_6433459105610938251_n\" alt=\"542756408_1308538567730460_6433459105610938251_n\" src=\"https:\/\/spbielsk.pl\/wp-content\/gallery\/ewakuacja-probna-wrzesien-2025\/thumbs\/thumbs_542756408_1308538567730460_6433459105610938251_n.jpg\" width=\"120\" height=\"90\" \/>\r\n\t\t\t\t\t\t\t<\/a>\r\n\t\t<\/div>\r\n\t<\/div>\r\n\t\r\n\t\t\r\n \t\t\r\n\t<div id=\"ngg-image-30335\" class=\"ngg-gallery-thumbnail-box\"  >\r\n\t\t<div class=\"ngg-gallery-thumbnail\" >\r\n\t\t\t<a href=\"https:\/\/spbielsk.pl\/wp-content\/gallery\/ewakuacja-probna-wrzesien-2025\/542756947_1308538304397153_3524163921288305727_n.jpg\" title=\" \"   rel=\"lightbox[10167]\">\r\n\t\t\t\t\t\t\t\t<img loading=\"lazy\" decoding=\"async\" title=\"542756947_1308538304397153_3524163921288305727_n\" alt=\"542756947_1308538304397153_3524163921288305727_n\" src=\"https:\/\/spbielsk.pl\/wp-content\/gallery\/ewakuacja-probna-wrzesien-2025\/thumbs\/thumbs_542756947_1308538304397153_3524163921288305727_n.jpg\" width=\"120\" height=\"90\" \/>\r\n\t\t\t\t\t\t\t<\/a>\r\n\t\t<\/div>\r\n\t<\/div>\r\n\t\r\n\t\t\r\n \t\t\r\n\t<div id=\"ngg-image-30336\" class=\"ngg-gallery-thumbnail-box\"  >\r\n\t\t<div class=\"ngg-gallery-thumbnail\" >\r\n\t\t\t<a href=\"https:\/\/spbielsk.pl\/wp-content\/gallery\/ewakuacja-probna-wrzesien-2025\/542756960_1308538521063798_3070009694770443622_n.jpg\" title=\" \"   rel=\"lightbox[10167]\">\r\n\t\t\t\t\t\t\t\t<img loading=\"lazy\" decoding=\"async\" title=\"542756960_1308538521063798_3070009694770443622_n\" alt=\"542756960_1308538521063798_3070009694770443622_n\" src=\"https:\/\/spbielsk.pl\/wp-content\/gallery\/ewakuacja-probna-wrzesien-2025\/thumbs\/thumbs_542756960_1308538521063798_3070009694770443622_n.jpg\" width=\"120\" height=\"90\" \/>\r\n\t\t\t\t\t\t\t<\/a>\r\n\t\t<\/div>\r\n\t<\/div>\r\n\t\r\n\t\t\r\n \t\t\r\n\t<div id=\"ngg-image-30337\" class=\"ngg-gallery-thumbnail-box\"  >\r\n\t\t<div class=\"ngg-gallery-thumbnail\" >\r\n\t\t\t<a href=\"https:\/\/spbielsk.pl\/wp-content\/gallery\/ewakuacja-probna-wrzesien-2025\/542757875_1308538437730473_6775608471925730896_n.jpg\" title=\" \"   rel=\"lightbox[10167]\">\r\n\t\t\t\t\t\t\t\t<img loading=\"lazy\" decoding=\"async\" title=\"542757875_1308538437730473_6775608471925730896_n\" alt=\"542757875_1308538437730473_6775608471925730896_n\" src=\"https:\/\/spbielsk.pl\/wp-content\/gallery\/ewakuacja-probna-wrzesien-2025\/thumbs\/thumbs_542757875_1308538437730473_6775608471925730896_n.jpg\" width=\"120\" height=\"90\" \/>\r\n\t\t\t\t\t\t\t<\/a>\r\n\t\t<\/div>\r\n\t<\/div>\r\n\t\r\n\t\t\r\n \t\t\r\n\t<div id=\"ngg-image-30338\" class=\"ngg-gallery-thumbnail-box\"  >\r\n\t\t<div class=\"ngg-gallery-thumbnail\" >\r\n\t\t\t<a href=\"https:\/\/spbielsk.pl\/wp-content\/gallery\/ewakuacja-probna-wrzesien-2025\/543279903_1308538327730484_6821739433214627042_n.jpg\" title=\" \"   rel=\"lightbox[10167]\">\r\n\t\t\t\t\t\t\t\t<img loading=\"lazy\" decoding=\"async\" title=\"543279903_1308538327730484_6821739433214627042_n\" alt=\"543279903_1308538327730484_6821739433214627042_n\" src=\"https:\/\/spbielsk.pl\/wp-content\/gallery\/ewakuacja-probna-wrzesien-2025\/thumbs\/thumbs_543279903_1308538327730484_6821739433214627042_n.jpg\" width=\"120\" height=\"90\" \/>\r\n\t\t\t\t\t\t\t<\/a>\r\n\t\t<\/div>\r\n\t<\/div>\r\n\t\r\n\t\t\r\n \t\t\r\n\t<div id=\"ngg-image-30339\" class=\"ngg-gallery-thumbnail-box\"  >\r\n\t\t<div class=\"ngg-gallery-thumbnail\" >\r\n\t\t\t<a href=\"https:\/\/spbielsk.pl\/wp-content\/gallery\/ewakuacja-probna-wrzesien-2025\/544798029_1308538331063817_481650907489312947_n.jpg\" title=\" \"   rel=\"lightbox[10167]\">\r\n\t\t\t\t\t\t\t\t<img loading=\"lazy\" decoding=\"async\" title=\"544798029_1308538331063817_481650907489312947_n\" alt=\"544798029_1308538331063817_481650907489312947_n\" src=\"https:\/\/spbielsk.pl\/wp-content\/gallery\/ewakuacja-probna-wrzesien-2025\/thumbs\/thumbs_544798029_1308538331063817_481650907489312947_n.jpg\" width=\"120\" height=\"90\" \/>\r\n\t\t\t\t\t\t\t<\/a>\r\n\t\t<\/div>\r\n\t<\/div>\r\n\t\r\n\t\t\r\n \t \t\r\n\t<!-- Pagination -->\r\n \t<div class='ngg-clear'><\/div>\n \t\r\n<\/div>\r\n\r\n<\/div>\n","protected":false},"excerpt":{"rendered":"<p>4 wrze\u015bnia przeprowadzona zosta\u0142a pr\u00f3bna ewakuacja szko\u0142y. Podczas \u0107wicze\u0144, symulowana by\u0142a akcja gaszenia po\u017caru kot\u0142owni.\u00a0 Podzi\u0119kowania kierujemy do uczni\u00f3w, nauczycieli i pracownik\u00f3w niepedagogicznych szko\u0142y za sprawne wykonanie zadania oraz szczeg\u00f3lnie dzi\u0119kujemy za wsp\u00f3\u0142prac\u0119 zaprzyja\u017anionym druhom z OSP Bielsk.<\/p>\n","protected":false},"author":1,"featured_media":10168,"comment_status":"closed","ping_status":"closed","sticky":false,"template":"","format":"standard","meta":{"footnotes":""},"categories":[5],"tags":[],"class_list":["post-10167","post","type-post","status-publish","format-standard","has-post-thumbnail","hentry","category-s-p-bielsk"],"_links":{"self":[{"href":"https:\/\/spbielsk.pl\/index.php?rest_route=\/wp\/v2\/posts\/10167","targetHints":{"allow":["GET"]}}],"collection":[{"href":"https:\/\/spbielsk.pl\/index.php?rest_route=\/wp\/v2\/posts"}],"about":[{"href":"https:\/\/spbielsk.pl\/index.php?rest_route=\/wp\/v2\/types\/post"}],"author":[{"embeddable":true,"href":"https:\/\/spbielsk.pl\/index.php?rest_route=\/wp\/v2\/users\/1"}],"replies":[{"embeddable":true,"href":"https:\/\/spbielsk.pl\/index.php?rest_route=%2Fwp%2Fv2%2Fcomments&post=10167"}],"version-history":[{"count":1,"href":"https:\/\/spbielsk.pl\/index.php?rest_route=\/wp\/v2\/posts\/10167\/revisions"}],"predecessor-version":[{"id":10169,"href":"https:\/\/spbielsk.pl\/index.php?rest_route=\/wp\/v2\/posts\/10167\/revisions\/10169"}],"wp:featuredmedia":[{"embeddable":true,"href":"https:\/\/spbielsk.pl\/index.php?rest_route=\/wp\/v2\/media\/10168"}],"wp:attachment":[{"href":"https:\/\/spbielsk.pl\/index.php?rest_route=%2Fwp%2Fv2%2Fmedia&parent=10167"}],"wp:term":[{"taxonomy":"category","embeddable":true,"href":"https:\/\/spbielsk.pl\/index.php?rest_route=%2Fwp%2Fv2%2Fcategories&post=10167"},{"taxonomy":"post_tag","embeddable":true,"href":"https:\/\/spbielsk.pl\/index.php?rest_route=%2Fwp%2Fv2%2Ftags&post=10167"}],"curies":[{"name":"wp","href":"https:\/\/api.w.org\/{rel}","templated":true}]}}